{"id":537,"date":"2023-08-17T13:41:27","date_gmt":"2023-08-17T16:41:27","guid":{"rendered":"https:\/\/upstardigital.com\/?p=537"},"modified":"2026-04-06T11:10:52","modified_gmt":"2026-04-06T14:10:52","slug":"aplicativos-para-editar-videos","status":"publish","type":"post","link":"https:\/\/upstardigital.com\/hu\/aplicativos-para-editar-videos\/","title":{"rendered":"Alkalmaz\u00e1sok vide\u00f3k szerkeszt\u00e9s\u00e9hez"},"content":{"rendered":"<html><body><p>Az elm\u00falt \u00e9vekben jelent\u0151sen megn\u0151tt a vide\u00f3k szerkeszt\u00e9s\u00e9re szolg\u00e1l\u00f3 alkalmaz\u00e1sok haszn\u00e1lata. <\/p>\n\n\n\n<p>A k\u00f6z\u00f6ss\u00e9gi m\u00e9dia t\u00e9rnyer\u00e9s\u00e9vel \u00e9s a min\u0151s\u00e9gi audiovizu\u00e1lis tartalom ir\u00e1nti kereslet k\u00f6vetkezt\u00e9ben mind a tartalomk\u00e9sz\u00edt\u0151k, mind a szakemberek felismert\u00e9k annak fontoss\u00e1g\u00e1t, hogy hat\u00e9kony eszk\u00f6z\u00f6kkel rendelkezzenek vide\u00f3ik szerkeszt\u00e9s\u00e9hez \u00e9s jav\u00edt\u00e1s\u00e1hoz.<\/p>\n\n\n\n<p>Ebben a cikkben megvizsg\u00e1ljuk a vide\u00f3szerkeszt\u0151 alkalmaz\u00e1sok f\u0151bb funkci\u00f3it, kiemelve azok speci\u00e1lis funkci\u00f3it. <\/p>\n\n\n\n<p>El\u0151sz\u00f6r is kulcsfontoss\u00e1g\u00fa, hogy meg\u00e9rts\u00fck a rendelkez\u00e9sre \u00e1ll\u00f3 lehet\u0151s\u00e9geket a felhaszn\u00e1l\u00f3k k\u00fcl\u00f6nf\u00e9le ig\u00e9nyeinek kiel\u00e9g\u00edt\u00e9s\u00e9re. Ezenk\u00edv\u00fcl az egyes alkalmaz\u00e1sok jellemz\u0151inek vizsg\u00e1lat\u00e1val azonos\u00edthatja azokat, amelyek a legjobban illeszkednek az \u00d6n konkr\u00e9t szerkeszt\u00e9si c\u00e9ljaihoz.<\/p>\n\n\n\n<h2 class=\"wp-block-heading\">A vide\u00f3szerkeszt\u0151 alkalmaz\u00e1sok f\u0151bb jellemz\u0151i<\/h2>\n\n\n\n<p>A vide\u00f3szerkeszt\u0151 alkalmaz\u00e1sok a funkci\u00f3k sz\u00e9les sk\u00e1l\u00e1j\u00e1t k\u00edn\u00e1lj\u00e1k a vide\u00f3k min\u0151s\u00e9g\u00e9nek \u00e9s eszt\u00e9tik\u00e1j\u00e1nak jav\u00edt\u00e1s\u00e1ra. Intuit\u00edv kezel\u0151fel\u00fcletet biztos\u00edtanak, amely lehet\u0151v\u00e9 teszi a felhaszn\u00e1l\u00f3k sz\u00e1m\u00e1ra az alapvet\u0151 szerkeszt\u00e9sek gyors \u00e9s egyszer\u0171 elv\u00e9gz\u00e9s\u00e9t. <\/p>\n\n\n\n<p>Az alapvet\u0151 funkci\u00f3k k\u00f6z\u00e9 tartozik a v\u00e1g\u00e1si, v\u00e1g\u00e1si \u00e9s \u00e1tm\u00e9retez\u00e9si funkci\u00f3k, amelyek lehet\u0151v\u00e9 teszik, hogy a vide\u00f3t a projekt ig\u00e9nyei szerint alak\u00edtsa. <\/p>\n\n\n\n<p>Ezenk\u00edv\u00fcl az alkalmaz\u00e1sok \u00e1tmeneteket \u00e9s vizu\u00e1lis effektusokat is k\u00edn\u00e1lnak a jelenetek k\u00f6z\u00f6tti \u00e1tmenet jav\u00edt\u00e1sa \u00e9s a v\u00e9geredm\u00e9ny professzion\u00e1lis megjelen\u00e9se \u00e9rdek\u00e9ben.<\/p>\n\n\n\n<p>Azok sz\u00e1m\u00e1ra, akik fejlettebb lehet\u0151s\u00e9geket szeretn\u00e9nek felfedezni, a vide\u00f3szerkeszt\u0151 alkalmaz\u00e1sok hat\u00e9kony eszk\u00f6z\u00f6ket is k\u00edn\u00e1lnak. Ezen eszk\u00f6z\u00f6k k\u00f6z\u00fcl kiemelkedik a hangszerkeszt\u00e9s \u00e9s a kever\u00e9s, amely lehet\u0151v\u00e9 teszi a hang pontos be\u00e1ll\u00edt\u00e1s\u00e1t \u00e9s hangs\u00e1vok hozz\u00e1ad\u00e1s\u00e1t. <\/p>\n\n\n\n<p>Ezenk\u00edv\u00fcl az alkalmaz\u00e1sok sz\u00ednkorrekci\u00f3s funkci\u00f3kat \u00e9s expoz\u00edci\u00f3-be\u00e1ll\u00edt\u00e1sokat k\u00edn\u00e1lnak, amelyek lehet\u0151v\u00e9 teszik a vide\u00f3 vizu\u00e1lis min\u0151s\u00e9g\u00e9nek jav\u00edt\u00e1s\u00e1t \u00e9s kifinomultabb eszt\u00e9tik\u00e1t.<\/p>\n\n\n\n<p>A vide\u00f3szerkeszt\u0151 alkalmaz\u00e1sok m\u00e1sik \u00e9rdekes aspektusa a speci\u00e1lis effektusok \u00e9s kreat\u00edv sz\u0171r\u0151k. Lehet\u0151v\u00e9 teszik stiliz\u00e1lt sz\u0171r\u0151k hozz\u00e1ad\u00e1s\u00e1t, hogy k\u00fcl\u00f6nb\u00f6z\u0151 atmoszf\u00e9r\u00e1kat teremtsenek, \u00e9s m\u0171v\u00e9szi hat\u00e1st adjanak a produkci\u00f3knak. <\/p>\n\n\n\n<p>Ezen k\u00edv\u00fcl lehet\u0151s\u00e9g van lass\u00edtott, gyors\u00edt\u00f3 \u00e9s ford\u00edtott effektusok alkalmaz\u00e1s\u00e1ra, moziszer\u0171 \u00e9s dinamikus hat\u00e1st biztos\u00edtva a vide\u00f3khoz.<\/p>\n\n\n\n<h2 class=\"wp-block-heading\">A legn\u00e9pszer\u0171bb alkalmaz\u00e1sok vide\u00f3k szerkeszt\u00e9s\u00e9hez<\/h2>\n\n\n\n<p>A mai piacon sz\u00e1mos vide\u00f3szerkeszt\u0151 alkalmaz\u00e1s l\u00e9tezik \u00e1tfog\u00f3 funkci\u00f3kkal. Teh\u00e1t itt vannak a f\u0151bbek:<\/p>\n\n\n\n<h3 class=\"wp-block-heading\">InShot <\/h3>\n\n\n\n<p>Az InShot seg\u00edts\u00e9g\u00e9vel a vide\u00f3szerkeszt\u00e9s egyszer\u0171 \u00e9s hat\u00e9kony feladatt\u00e1 v\u00e1lik. Funkci\u00f3i lehet\u0151v\u00e9 teszik klipek kiv\u00e1g\u00e1s\u00e1t \u00e9s egyes\u00edt\u00e9s\u00e9t, \u00edgy teljes ir\u00e1ny\u00edt\u00e1st biztos\u00edt a vide\u00f3 tartalma felett. <\/p>\n\n\n\n<p>Ezenk\u00edv\u00fcl az InShot intuit\u00edv kezel\u0151fel\u00fcletet k\u00edn\u00e1l, amely megk\u00f6nny\u00edti a navig\u00e1ci\u00f3t \u00e9s a szerkeszt\u0151eszk\u00f6z\u00f6k gyors el\u00e9r\u00e9s\u00e9t. Legyen sz\u00f3 Instagramr\u00f3l, TikTokr\u00f3l vagy YouTube-r\u00f3l, az InShot t\u00f6k\u00e9letesen alkalmazkodik a k\u00fcl\u00f6nb\u00f6z\u0151 platformokhoz.<\/p>\n\n\n\n<h3 class=\"wp-block-heading\">Final Cut Pro<\/h3>\n\n\n\n<p>Egy m\u00e1sik hat\u00e9kony \u00e9s exkluz\u00edv lehet\u0151s\u00e9g Mac\/iPad felhaszn\u00e1l\u00f3k sz\u00e1m\u00e1ra. Ez az alkalmaz\u00e1s fejlett vide\u00f3szerkeszt\u0151 funkci\u00f3kat, z\u00f6kken\u0151mentes integr\u00e1ci\u00f3t m\u00e1s Apple term\u00e9kekkel \u00e9s intuit\u00edv kezel\u0151fel\u00fcletet k\u00edn\u00e1l. <\/p>\n\n\n\n<p>A tartalomk\u00e9sz\u00edt\u0151 szakemberek k\u00f6r\u00e9ben n\u00e9pszer\u0171 v\u00e1laszt\u00e1s, b\u00e1r csak az Apple-felhaszn\u00e1l\u00f3k sz\u00e1m\u00e1ra el\u00e9rhet\u0151.<\/p>\n\n\n\n<h3 class=\"wp-block-heading\">CapCut\u00a0<\/h3>\n\n\n\n<p>A vide\u00f3szerkeszt\u00e9s ter\u00fclet\u00e9n a CapCut alkalmaz\u00e1s sokoldal\u00fa \u00e9s k\u00f6nnyen haszn\u00e1lhat\u00f3 eszk\u00f6zk\u00e9nt t\u0171nik ki, amely kezd\u0151 \u00e9s tapasztalt szerkeszt\u0151ket egyar\u00e1nt szolg\u00e1l.<\/p>\n\n\n\n<p>Ez egy korszer\u0171 vide\u00f3szerkeszt\u0151 alkalmaz\u00e1s, amellyel a felhaszn\u00e1l\u00f3k k\u00f6nnyed\u00e9n hozhatnak l\u00e9tre leny\u0171g\u00f6z\u0151 vizu\u00e1lis tartalmat. A rengeteg funkci\u00f3val teli alkalmaz\u00e1s a z\u00f6kken\u0151mentes szerkeszt\u00e9si \u00e9lm\u00e9nyt keres\u0151 tartalomk\u00e9sz\u00edt\u0151k kedvenc v\u00e1laszt\u00e1s\u00e1v\u00e1 v\u00e1lt.<\/p>\n\n\n\n<h2 class=\"wp-block-heading\">Tippek a vide\u00f3k szerkeszt\u00e9s\u00e9hez sz\u00fcks\u00e9ges alkalmaz\u00e1sok kiv\u00e1laszt\u00e1s\u00e1hoz <\/h2>\n\n\n\n<p>A vide\u00f3szerkeszt\u0151 alkalmaz\u00e1s kiv\u00e1laszt\u00e1sakor fontos figyelembe venni n\u00e9h\u00e1ny t\u00e9nyez\u0151t, hogy biztosan megfeleljen az \u00d6n egyedi ig\u00e9nyeinek. \u00cdme n\u00e9h\u00e1ny hasznos tipp:<\/p>\n\n\n\n<h3 class=\"wp-block-heading\">Hat\u00e1rozza meg szerkeszt\u00e9si ig\u00e9nyeit \u00e9s c\u00e9ljait<\/h3>\n\n\n\n<p>Miel\u0151tt kiv\u00e1lasztan\u00e1 az alkalmaz\u00e1st, egy\u00e9rtelm\u0171en hat\u00e1rozza meg ig\u00e9nyeit \u00e9s a v\u00e9grehajtani k\u00edv\u00e1nt szerkeszt\u00e9s t\u00edpus\u00e1t. Ez seg\u00edt megtal\u00e1lni a megfelel\u0151 funkci\u00f3kat k\u00edn\u00e1l\u00f3 alkalmaz\u00e1st.<\/p>\n\n\n\n<h3 class=\"wp-block-heading\">Fontolja meg a kompatibilit\u00e1st az eszk\u00f6zzel \u00e9s az oper\u00e1ci\u00f3s rendszerrel<\/h3>\n\n\n\n<p>Ellen\u0151rizze, hogy az alkalmaz\u00e1s kompatibilis-e az eszk\u00f6z\u00e9vel, legyen az sz\u00e1m\u00edt\u00f3g\u00e9p, okostelefon vagy t\u00e1blag\u00e9p. Ezenk\u00edv\u00fcl gy\u0151z\u0151dj\u00f6n meg arr\u00f3l, hogy az alkalmaz\u00e1s kompatibilis az \u00d6n \u00e1ltal haszn\u00e1lt oper\u00e1ci\u00f3s rendszerrel.<\/p>\n\n\n\n<h3 class=\"wp-block-heading\">\u00c9rt\u00e9kelje a tov\u00e1bbi funkci\u00f3kat \u00e9s megoszt\u00e1si lehet\u0151s\u00e9geket<\/h3>\n\n\n\n<p>Az alapvet\u0151 szerkeszt\u00e9si funkci\u00f3kon k\u00edv\u00fcl ellen\u0151rizze, hogy az alkalmaz\u00e1s k\u00edn\u00e1l-e tov\u00e1bbi funkci\u00f3kat, amelyek hasznosak lehetnek a projektje sz\u00e1m\u00e1ra. <\/p>\n\n\n\n<p>Gondolja \u00e1t a szerkesztett vide\u00f3k online platformokon \u00e9s k\u00f6z\u00f6ss\u00e9gi h\u00e1l\u00f3zatokon val\u00f3 megoszt\u00e1s\u00e1nak egyszer\u0171s\u00e9g\u00e9t is.<\/p>\n\n\n\n<h3 class=\"wp-block-heading\">Olvasson v\u00e9lem\u00e9nyeket, \u00e9s k\u00e9rjen visszajelz\u00e9st m\u00e1s felhaszn\u00e1l\u00f3kt\u00f3l<\/h3>\n\n\n\n<p>Kutasson \u00e9s olvassa el m\u00e1s felhaszn\u00e1l\u00f3k v\u00e9lem\u00e9ny\u00e9t az \u00d6n \u00e1ltal fontol\u00f3ra vett alkalmaz\u00e1sokr\u00f3l. Ez \u00e9rt\u00e9kes betekint\u00e9st ny\u00fajthat az egyes alkalmaz\u00e1sok haszn\u00e1lati \u00e9lm\u00e9ny\u00e9be, teljes\u00edtm\u00e9ny\u00e9be \u00e9s szolg\u00e1ltat\u00e1saiba.<\/p>\n\n\n\n<h2 class=\"wp-block-heading\">K\u00f6vetkeztet\u00e9s: A legjobb alkalmaz\u00e1sok vide\u00f3k szerkeszt\u00e9s\u00e9hez <\/h2>\n\n\n\n<p>A vide\u00f3szerkeszt\u0151 alkalmaz\u00e1sok alapvet\u0151 eszk\u00f6z\u00f6k a tartalomk\u00e9sz\u00edt\u0151k \u00e9s a vide\u00f3ik min\u0151s\u00e9g\u00e9t jav\u00edtani k\u00edv\u00e1n\u00f3 szakemberek sz\u00e1m\u00e1ra. <\/p>\n\n\n\n<p>Az alapvet\u0151 szerkeszt\u00e9si funkci\u00f3kt\u00f3l a speci\u00e1lis effektusokig terjed\u0151 funkci\u00f3kkal ezek az alkalmaz\u00e1sok korl\u00e1tlan lehet\u0151s\u00e9geket k\u00edn\u00e1lnak a kreat\u00edv kifejez\u00e9sre \u00e9s a k\u00e9pess\u00e9gek fejleszt\u00e9s\u00e9re.<\/p>\n\n\n\n<p>A v\u00e1lasztott alkalmaz\u00e1st\u00f3l f\u00fcggetlen\u00fcl a vide\u00f3szerkeszt\u00e9s lehet\u0151v\u00e9 teszi, hogy az \u00f6tleteket vonz\u00f3 \u00e9s professzion\u00e1lis vizu\u00e1lis produkci\u00f3kk\u00e1 alak\u00edtsa. Ezenk\u00edv\u00fcl a rendelkez\u00e9sre \u00e1ll\u00f3 lehet\u0151s\u00e9gek felt\u00e1r\u00e1s\u00e1val olyan eszk\u00f6z\u00f6ket tal\u00e1lhat, amelyek megk\u00f6nny\u00edtik a kreat\u00edv folyamatot \u00e9s optimaliz\u00e1lj\u00e1k a munkafolyamatot.<\/p>\n\n\n\n<p>Haszn\u00e1lja ki a vide\u00f3szerkeszt\u0151 alkalmaz\u00e1sok k\u00edn\u00e1lta lehet\u0151s\u00e9geket, hogy jav\u00edtsa projektjei min\u0151s\u00e9g\u00e9t, \u00e9s kiemelkedjen az audiovizu\u00e1lis vil\u00e1gb\u00f3l. <\/p>\n\n\n\n<p>A rendelkez\u00e9sre \u00e1ll\u00f3 forr\u00e1sok sokf\u00e9les\u00e9ge r\u00e9v\u00e9n lehet\u0151s\u00e9g ny\u00edlik egyedi \u00e9s lebilincsel\u0151 tartalmak l\u00e9trehoz\u00e1s\u00e1ra, amelyek megragadj\u00e1k a c\u00e9lk\u00f6z\u00f6ns\u00e9g figyelm\u00e9t. K\u00eds\u00e9rletezzen k\u00fcl\u00f6nb\u00f6z\u0151 technik\u00e1kkal \u00e9s effektusokkal, hogy hozz\u00e1adott \u00e9rt\u00e9ket adjon produkci\u00f3ihoz, \u00e9s hat\u00e1sos eredm\u00e9nyeket \u00e9rjen el.<\/p>\n<\/body><\/html>","protected":false},"excerpt":{"rendered":"<p>O uso de aplicativos para editar v\u00eddeos tem crescido significativamente nos \u00faltimos anos. Com a ascens\u00e3o das m\u00eddias sociais e a demanda por conte\u00fado audiovisual de qualidade, tanto criadores de conte\u00fado quanto profissionais t\u00eam reconhecido a import\u00e2ncia de contar com ferramentas eficientes para editar e aprimorar seus v\u00eddeos. Neste artigo, exploraremos os principais recursos dos [&hellip;]<\/p>\n","protected":false},"author":3,"featured_media":538,"comment_status":"open","ping_status":"open","sticky":false,"template":"","format":"standard","meta":{"footnotes":""},"categories":[3],"tags":[],"class_list":["post-537","post","type-post","status-publish","format-standard","has-post-thumbnail","hentry","category-aplicativos"],"yoast_head":"<!-- This site is optimized with the Yoast SEO plugin v27.4 - https:\/\/yoast.com\/product\/yoast-seo-wordpress\/ -->\n<title>Aplicativos para editar v\u00eddeos<\/title>\n<meta name=\"description\" content=\"Descubra os melhores aplicativos para editar v\u00eddeos e eleve a qualidade de suas cria\u00e7\u00f5es. Edi\u00e7\u00e3o f\u00e1cil e poderosa ao alcance das suas m\u00e3os!\" \/>\n<meta name=\"robots\" content=\"index, follow, max-snippet:-1, max-image-preview:large, max-video-preview:-1\" \/>\n<link rel=\"canonical\" href=\"https:\/\/upstardigital.com\/hu\/aplicativos-para-editar-videos\/\" \/>\n<meta property=\"og:locale\" content=\"hu_HU\" \/>\n<meta property=\"og:type\" content=\"article\" \/>\n<meta property=\"og:title\" content=\"Aplicativos para editar v\u00eddeos\" \/>\n<meta property=\"og:description\" content=\"Descubra os melhores aplicativos para editar v\u00eddeos e eleve a qualidade de suas cria\u00e7\u00f5es. Edi\u00e7\u00e3o f\u00e1cil e poderosa ao alcance das suas m\u00e3os!\" \/>\n<meta property=\"og:url\" content=\"https:\/\/upstardigital.com\/hu\/aplicativos-para-editar-videos\/\" \/>\n<meta property=\"article:published_time\" content=\"2023-08-17T16:41:27+00:00\" \/>\n<meta property=\"article:modified_time\" content=\"2026-04-06T14:10:52+00:00\" \/>\n<meta property=\"og:image\" content=\"https:\/\/upstardigital.com\/wp-content\/uploads\/2023\/08\/Aplicativos-para-editar-videos.jpg\" \/>\n\t<meta property=\"og:image:width\" content=\"1200\" \/>\n\t<meta property=\"og:image:height\" content=\"740\" \/>\n\t<meta property=\"og:image:type\" content=\"image\/jpeg\" \/>\n<meta name=\"author\" content=\"Isabela Nogueira\" \/>\n<meta name=\"twitter:card\" content=\"summary_large_image\" \/>\n<meta name=\"twitter:label1\" content=\"Written by\" \/>\n\t<meta name=\"twitter:data1\" content=\"Isabela Nogueira\" \/>\n\t<meta name=\"twitter:label2\" content=\"Est. reading time\" \/>\n\t<meta name=\"twitter:data2\" content=\"6 minutes\" \/>\n<script type=\"application\/ld+json\" class=\"yoast-schema-graph\">{\"@context\":\"https:\\\/\\\/schema.org\",\"@graph\":[{\"@type\":\"Article\",\"@id\":\"https:\\\/\\\/upstardigital.com\\\/aplicativos-para-editar-videos\\\/#article\",\"isPartOf\":{\"@id\":\"https:\\\/\\\/upstardigital.com\\\/aplicativos-para-editar-videos\\\/\"},\"author\":{\"name\":\"Isabela Nogueira\",\"@id\":\"https:\\\/\\\/upstardigital.com\\\/#\\\/schema\\\/person\\\/8a1ab050dadc3913068fb8ce1923907e\"},\"headline\":\"Aplicativos para editar v\u00eddeos\",\"datePublished\":\"2023-08-17T16:41:27+00:00\",\"dateModified\":\"2026-04-06T14:10:52+00:00\",\"mainEntityOfPage\":{\"@id\":\"https:\\\/\\\/upstardigital.com\\\/aplicativos-para-editar-videos\\\/\"},\"wordCount\":1010,\"commentCount\":0,\"image\":{\"@id\":\"https:\\\/\\\/upstardigital.com\\\/aplicativos-para-editar-videos\\\/#primaryimage\"},\"thumbnailUrl\":\"https:\\\/\\\/upstardigital.com\\\/wp-content\\\/uploads\\\/2023\\\/08\\\/Aplicativos-para-editar-videos.jpg\",\"articleSection\":[\"APLICATIVOS\"],\"inLanguage\":\"hu-HU\",\"potentialAction\":[{\"@type\":\"CommentAction\",\"name\":\"Comment\",\"target\":[\"https:\\\/\\\/upstardigital.com\\\/aplicativos-para-editar-videos\\\/#respond\"]}]},{\"@type\":\"WebPage\",\"@id\":\"https:\\\/\\\/upstardigital.com\\\/aplicativos-para-editar-videos\\\/\",\"url\":\"https:\\\/\\\/upstardigital.com\\\/aplicativos-para-editar-videos\\\/\",\"name\":\"Aplicativos para editar v\u00eddeos\",\"isPartOf\":{\"@id\":\"https:\\\/\\\/upstardigital.com\\\/#website\"},\"primaryImageOfPage\":{\"@id\":\"https:\\\/\\\/upstardigital.com\\\/aplicativos-para-editar-videos\\\/#primaryimage\"},\"image\":{\"@id\":\"https:\\\/\\\/upstardigital.com\\\/aplicativos-para-editar-videos\\\/#primaryimage\"},\"thumbnailUrl\":\"https:\\\/\\\/upstardigital.com\\\/wp-content\\\/uploads\\\/2023\\\/08\\\/Aplicativos-para-editar-videos.jpg\",\"datePublished\":\"2023-08-17T16:41:27+00:00\",\"dateModified\":\"2026-04-06T14:10:52+00:00\",\"author\":{\"@id\":\"https:\\\/\\\/upstardigital.com\\\/#\\\/schema\\\/person\\\/8a1ab050dadc3913068fb8ce1923907e\"},\"description\":\"Descubra os melhores aplicativos para editar v\u00eddeos e eleve a qualidade de suas cria\u00e7\u00f5es. Edi\u00e7\u00e3o f\u00e1cil e poderosa ao alcance das suas m\u00e3os!\",\"breadcrumb\":{\"@id\":\"https:\\\/\\\/upstardigital.com\\\/aplicativos-para-editar-videos\\\/#breadcrumb\"},\"inLanguage\":\"hu-HU\",\"potentialAction\":[{\"@type\":\"ReadAction\",\"target\":[\"https:\\\/\\\/upstardigital.com\\\/aplicativos-para-editar-videos\\\/\"]}]},{\"@type\":\"ImageObject\",\"inLanguage\":\"hu-HU\",\"@id\":\"https:\\\/\\\/upstardigital.com\\\/aplicativos-para-editar-videos\\\/#primaryimage\",\"url\":\"https:\\\/\\\/upstardigital.com\\\/wp-content\\\/uploads\\\/2023\\\/08\\\/Aplicativos-para-editar-videos.jpg\",\"contentUrl\":\"https:\\\/\\\/upstardigital.com\\\/wp-content\\\/uploads\\\/2023\\\/08\\\/Aplicativos-para-editar-videos.jpg\",\"width\":1200,\"height\":740,\"caption\":\"Aplicativos para editar v\u00eddeos. Fonte imagem: Google\"},{\"@type\":\"BreadcrumbList\",\"@id\":\"https:\\\/\\\/upstardigital.com\\\/aplicativos-para-editar-videos\\\/#breadcrumb\",\"itemListElement\":[{\"@type\":\"ListItem\",\"position\":1,\"name\":\"In\u00edcio\",\"item\":\"https:\\\/\\\/upstardigital.com\\\/\"},{\"@type\":\"ListItem\",\"position\":2,\"name\":\"Aplicativos para editar v\u00eddeos\"}]},{\"@type\":\"WebSite\",\"@id\":\"https:\\\/\\\/upstardigital.com\\\/#website\",\"url\":\"https:\\\/\\\/upstardigital.com\\\/\",\"name\":\"\",\"description\":\"\",\"potentialAction\":[{\"@type\":\"SearchAction\",\"target\":{\"@type\":\"EntryPoint\",\"urlTemplate\":\"https:\\\/\\\/upstardigital.com\\\/?s={search_term_string}\"},\"query-input\":{\"@type\":\"PropertyValueSpecification\",\"valueRequired\":true,\"valueName\":\"search_term_string\"}}],\"inLanguage\":\"hu-HU\"},{\"@type\":\"Person\",\"@id\":\"https:\\\/\\\/upstardigital.com\\\/#\\\/schema\\\/person\\\/8a1ab050dadc3913068fb8ce1923907e\",\"name\":\"Isabela Nogueira\",\"image\":{\"@type\":\"ImageObject\",\"inLanguage\":\"hu-HU\",\"@id\":\"https:\\\/\\\/secure.gravatar.com\\\/avatar\\\/1d626bffe0a1877b457f91859b6f55c0eedd2d2efda2bc0ac409b295d7446fab?s=96&d=mm&r=g\",\"url\":\"https:\\\/\\\/secure.gravatar.com\\\/avatar\\\/1d626bffe0a1877b457f91859b6f55c0eedd2d2efda2bc0ac409b295d7446fab?s=96&d=mm&r=g\",\"contentUrl\":\"https:\\\/\\\/secure.gravatar.com\\\/avatar\\\/1d626bffe0a1877b457f91859b6f55c0eedd2d2efda2bc0ac409b295d7446fab?s=96&d=mm&r=g\",\"caption\":\"Isabela Nogueira\"},\"sameAs\":[\"https:\\\/\\\/upstardigital.com\\\/\"],\"url\":\"https:\\\/\\\/upstardigital.com\\\/hu\\\/author\\\/isabela\\\/\"}]}<\/script>\n<!-- \/ Yoast SEO plugin. -->","yoast_head_json":{"title":"Alkalmaz\u00e1sok vide\u00f3k szerkeszt\u00e9s\u00e9hez","description":"Fedezze fel a legjobb alkalmaz\u00e1sokat a vide\u00f3k szerkeszt\u00e9s\u00e9hez, \u00e9s jav\u00edtsa alkot\u00e1sai min\u0151s\u00e9g\u00e9t. K\u00f6nny\u0171 \u00e9s hat\u00e9kony szerkeszt\u00e9s k\u00e9zn\u00e9l!","robots":{"index":"index","follow":"follow","max-snippet":"max-snippet:-1","max-image-preview":"max-image-preview:large","max-video-preview":"max-video-preview:-1"},"canonical":"https:\/\/upstardigital.com\/hu\/aplicativos-para-editar-videos\/","og_locale":"hu_HU","og_type":"article","og_title":"Aplicativos para editar v\u00eddeos","og_description":"Descubra os melhores aplicativos para editar v\u00eddeos e eleve a qualidade de suas cria\u00e7\u00f5es. Edi\u00e7\u00e3o f\u00e1cil e poderosa ao alcance das suas m\u00e3os!","og_url":"https:\/\/upstardigital.com\/hu\/aplicativos-para-editar-videos\/","article_published_time":"2023-08-17T16:41:27+00:00","article_modified_time":"2026-04-06T14:10:52+00:00","og_image":[{"width":1200,"height":740,"url":"https:\/\/upstardigital.com\/wp-content\/uploads\/2023\/08\/Aplicativos-para-editar-videos.jpg","type":"image\/jpeg"}],"author":"Isabela Nogueira","twitter_card":"summary_large_image","twitter_misc":{"Written by":"Isabela Nogueira","Est. reading time":"6 minutes"},"schema":{"@context":"https:\/\/schema.org","@graph":[{"@type":"Article","@id":"https:\/\/upstardigital.com\/aplicativos-para-editar-videos\/#article","isPartOf":{"@id":"https:\/\/upstardigital.com\/aplicativos-para-editar-videos\/"},"author":{"name":"Isabela Nogueira","@id":"https:\/\/upstardigital.com\/#\/schema\/person\/8a1ab050dadc3913068fb8ce1923907e"},"headline":"Aplicativos para editar v\u00eddeos","datePublished":"2023-08-17T16:41:27+00:00","dateModified":"2026-04-06T14:10:52+00:00","mainEntityOfPage":{"@id":"https:\/\/upstardigital.com\/aplicativos-para-editar-videos\/"},"wordCount":1010,"commentCount":0,"image":{"@id":"https:\/\/upstardigital.com\/aplicativos-para-editar-videos\/#primaryimage"},"thumbnailUrl":"https:\/\/upstardigital.com\/wp-content\/uploads\/2023\/08\/Aplicativos-para-editar-videos.jpg","articleSection":["APLICATIVOS"],"inLanguage":"hu-HU","potentialAction":[{"@type":"CommentAction","name":"Comment","target":["https:\/\/upstardigital.com\/aplicativos-para-editar-videos\/#respond"]}]},{"@type":"WebPage","@id":"https:\/\/upstardigital.com\/aplicativos-para-editar-videos\/","url":"https:\/\/upstardigital.com\/aplicativos-para-editar-videos\/","name":"Alkalmaz\u00e1sok vide\u00f3k szerkeszt\u00e9s\u00e9hez","isPartOf":{"@id":"https:\/\/upstardigital.com\/#website"},"primaryImageOfPage":{"@id":"https:\/\/upstardigital.com\/aplicativos-para-editar-videos\/#primaryimage"},"image":{"@id":"https:\/\/upstardigital.com\/aplicativos-para-editar-videos\/#primaryimage"},"thumbnailUrl":"https:\/\/upstardigital.com\/wp-content\/uploads\/2023\/08\/Aplicativos-para-editar-videos.jpg","datePublished":"2023-08-17T16:41:27+00:00","dateModified":"2026-04-06T14:10:52+00:00","author":{"@id":"https:\/\/upstardigital.com\/#\/schema\/person\/8a1ab050dadc3913068fb8ce1923907e"},"description":"Fedezze fel a legjobb alkalmaz\u00e1sokat a vide\u00f3k szerkeszt\u00e9s\u00e9hez, \u00e9s jav\u00edtsa alkot\u00e1sai min\u0151s\u00e9g\u00e9t. K\u00f6nny\u0171 \u00e9s hat\u00e9kony szerkeszt\u00e9s k\u00e9zn\u00e9l!","breadcrumb":{"@id":"https:\/\/upstardigital.com\/aplicativos-para-editar-videos\/#breadcrumb"},"inLanguage":"hu-HU","potentialAction":[{"@type":"ReadAction","target":["https:\/\/upstardigital.com\/aplicativos-para-editar-videos\/"]}]},{"@type":"ImageObject","inLanguage":"hu-HU","@id":"https:\/\/upstardigital.com\/aplicativos-para-editar-videos\/#primaryimage","url":"https:\/\/upstardigital.com\/wp-content\/uploads\/2023\/08\/Aplicativos-para-editar-videos.jpg","contentUrl":"https:\/\/upstardigital.com\/wp-content\/uploads\/2023\/08\/Aplicativos-para-editar-videos.jpg","width":1200,"height":740,"caption":"Aplicativos para editar v\u00eddeos. Fonte imagem: Google"},{"@type":"BreadcrumbList","@id":"https:\/\/upstardigital.com\/aplicativos-para-editar-videos\/#breadcrumb","itemListElement":[{"@type":"ListItem","position":1,"name":"In\u00edcio","item":"https:\/\/upstardigital.com\/"},{"@type":"ListItem","position":2,"name":"Aplicativos para editar v\u00eddeos"}]},{"@type":"WebSite","@id":"https:\/\/upstardigital.com\/#website","url":"https:\/\/upstardigital.com\/","name":"","description":"","potentialAction":[{"@type":"SearchAction","target":{"@type":"EntryPoint","urlTemplate":"https:\/\/upstardigital.com\/?s={search_term_string}"},"query-input":{"@type":"PropertyValueSpecification","valueRequired":true,"valueName":"search_term_string"}}],"inLanguage":"hu-HU"},{"@type":"Person","@id":"https:\/\/upstardigital.com\/#\/schema\/person\/8a1ab050dadc3913068fb8ce1923907e","name":"Isabela Nogueira","image":{"@type":"ImageObject","inLanguage":"hu-HU","@id":"https:\/\/secure.gravatar.com\/avatar\/1d626bffe0a1877b457f91859b6f55c0eedd2d2efda2bc0ac409b295d7446fab?s=96&d=mm&r=g","url":"https:\/\/secure.gravatar.com\/avatar\/1d626bffe0a1877b457f91859b6f55c0eedd2d2efda2bc0ac409b295d7446fab?s=96&d=mm&r=g","contentUrl":"https:\/\/secure.gravatar.com\/avatar\/1d626bffe0a1877b457f91859b6f55c0eedd2d2efda2bc0ac409b295d7446fab?s=96&d=mm&r=g","caption":"Isabela Nogueira"},"sameAs":["https:\/\/upstardigital.com\/"],"url":"https:\/\/upstardigital.com\/hu\/author\/isabela\/"}]}},"_links":{"self":[{"href":"https:\/\/upstardigital.com\/hu\/wp-json\/wp\/v2\/posts\/537","targetHints":{"allow":["GET"]}}],"collection":[{"href":"https:\/\/upstardigital.com\/hu\/wp-json\/wp\/v2\/posts"}],"about":[{"href":"https:\/\/upstardigital.com\/hu\/wp-json\/wp\/v2\/types\/post"}],"author":[{"embeddable":true,"href":"https:\/\/upstardigital.com\/hu\/wp-json\/wp\/v2\/users\/3"}],"replies":[{"embeddable":true,"href":"https:\/\/upstardigital.com\/hu\/wp-json\/wp\/v2\/comments?post=537"}],"version-history":[{"count":3,"href":"https:\/\/upstardigital.com\/hu\/wp-json\/wp\/v2\/posts\/537\/revisions"}],"predecessor-version":[{"id":1539,"href":"https:\/\/upstardigital.com\/hu\/wp-json\/wp\/v2\/posts\/537\/revisions\/1539"}],"wp:featuredmedia":[{"embeddable":true,"href":"https:\/\/upstardigital.com\/hu\/wp-json\/wp\/v2\/media\/538"}],"wp:attachment":[{"href":"https:\/\/upstardigital.com\/hu\/wp-json\/wp\/v2\/media?parent=537"}],"wp:term":[{"taxonomy":"category","embeddable":true,"href":"https:\/\/upstardigital.com\/hu\/wp-json\/wp\/v2\/categories?post=537"},{"taxonomy":"post_tag","embeddable":true,"href":"https:\/\/upstardigital.com\/hu\/wp-json\/wp\/v2\/tags?post=537"}],"curies":[{"name":"wp","href":"https:\/\/api.w.org\/{rel}","templated":true}]}}