{"id":571,"date":"2023-08-21T16:05:24","date_gmt":"2023-08-21T19:05:24","guid":{"rendered":"https:\/\/upstardigital.com\/?p=571"},"modified":"2026-04-06T11:04:56","modified_gmt":"2026-04-06T14:04:56","slug":"aplicativos-para-editar-fotos","status":"publish","type":"post","link":"https:\/\/upstardigital.com\/hu\/aplicativos-para-editar-fotos\/","title":{"rendered":"Alkalmaz\u00e1sok f\u00e9nyk\u00e9pek szerkeszt\u00e9s\u00e9hez"},"content":{"rendered":"<html><body><p>A mobilfot\u00f3z\u00e1s korszaka teljes er\u0151vel bek\u00f6sz\u00f6nt. Az egyre er\u0151sebb okostelefonok \u00e9s nagy felbont\u00e1s\u00fa kamer\u00e1k r\u00e9v\u00e9n a fot\u00f3z\u00e1s a legt\u00f6bb ember sz\u00e1m\u00e1ra mindennapos tev\u00e9kenys\u00e9gg\u00e9 v\u00e1lt. Ahhoz azonban, hogy fot\u00f3it a k\u00f6vetkez\u0151 szintre emelje, elengedhetetlen a k\u00e9pszerkeszt\u0151 alkalmaz\u00e1sok haszn\u00e1lata. <\/p>\n\n\n\n<p>Teh\u00e1t megvizsg\u00e1ljuk a legjobb k\u00e9pszerkeszt\u0151 alkalmaz\u00e1sokat, amelyek lehet\u0151v\u00e9 teszik, hogy k\u00f6nnyed\u00e9n \u00e9s kreativit\u00e1ssal alak\u00edtsa \u00e1t k\u00e9peit.<\/p>\n\n\n\n<h2 class=\"wp-block-heading\">A legjobb k\u00e9pszerkeszt\u0151 alkalmaz\u00e1sok okostelefonokhoz<\/h2>\n\n\n\n<p>A k\u00e9pszerkeszt\u0151 alkalmaz\u00e1sok hatalmas vil\u00e1g\u00e1ban egyesek kiemelkednek min\u0151s\u00e9g\u00fckkel \u00e9s funkcionalit\u00e1sukkal. N\u00e9zz\u00fck meg a h\u00e1rom f\u0151 el\u00e9rhet\u0151 alkalmaz\u00e1st:<\/p>\n\n\n\n<h2 class=\"wp-block-heading\">Lumii<\/h2>\n\n\n\n<p>A Lumii egy ingyenes k\u00e9pszerkeszt\u0151 alkalmaz\u00e1s. Eszk\u00f6z\u00f6k \u00e9s funkci\u00f3k sz\u00e9les sk\u00e1l\u00e1j\u00e1t k\u00edn\u00e1lja a f\u00e9nyk\u00e9pek szerkeszt\u00e9s\u00e9hez, bele\u00e9rtve a sz\u0171r\u0151ket, effektusokat, be\u00e1ll\u00edt\u00e1sokat \u00e9s egyebeket. <\/p>\n\n\n\n<p>Az alkalmaz\u00e1s sz\u00e1mos egyedi funkci\u00f3t is k\u00edn\u00e1l, p\u00e9ld\u00e1ul saj\u00e1t szerkeszt\u00e9si be\u00e1ll\u00edt\u00e1sok l\u00e9trehoz\u00e1s\u00e1t \u00e9s megoszt\u00e1s\u00e1t.<\/p>\n\n\n\n<p>R\u00e1ad\u00e1sul ez egy nagyszer\u0171 alkalmaz\u00e1s minden k\u00e9pzetts\u00e9gi szint\u0171 fot\u00f3s sz\u00e1m\u00e1ra. K\u00f6nnyen haszn\u00e1lhat\u00f3, de sz\u00e1mos funkci\u00f3t k\u00edn\u00e1l a tapasztaltabb fot\u00f3sok sz\u00e1m\u00e1ra. <\/p>\n\n\n\n<p>Ha ingyenes \u00e9s hat\u00e9kony k\u00e9pszerkeszt\u0151 alkalmaz\u00e1st keres, a Lumii nagyszer\u0171 lehet\u0151s\u00e9g.<\/p>\n\n\n\n<h2 class=\"wp-block-heading\">Lightroom<\/h2>\n\n\n\n<p>Az Adobe \u00e1ltal kifejlesztett Lightroom egy sz\u00e9les k\u00f6rben haszn\u00e1lt k\u00e9pszerkeszt\u0151 alkalmaz\u00e1s. Az asztali sz\u00e1m\u00edt\u00f3g\u00e9peken, laptopokon \u00e9s mobileszk\u00f6z\u00f6k\u00f6n el\u00e9rhet\u0151 alkalmaz\u00e1s n\u00e9pszer\u0171 v\u00e1laszt\u00e1s a professzion\u00e1lis \u00e9s amat\u0151r fot\u00f3sok k\u00f6r\u00e9ben.<\/p>\n\n\n\n<p>Ezenk\u00edv\u00fcl a Lightroom szerkeszt\u0151eszk\u00f6z\u00f6k sz\u00e9les sk\u00e1l\u00e1j\u00e1t k\u00edn\u00e1lja, mint p\u00e9ld\u00e1ul az expoz\u00edci\u00f3, a kontraszt, a sz\u00edn, az \u00e9less\u00e9g \u00e9s sok m\u00e1s be\u00e1ll\u00edt\u00e1si lehet\u0151s\u00e9g. Ezek a funkci\u00f3k rugalmass\u00e1 \u00e9s pontoss\u00e1 teszik a k\u00e9pszerkeszt\u00e9si folyamatot.<\/p>\n\n\n\n<p>A Lightroom a szerkeszt\u00e9si k\u00e9pess\u00e9gein t\u00fal a fot\u00f3szervez\u00e9si \u00e9s -kezel\u00e9si funkci\u00f3kkal is kit\u0171nik. A felhaszn\u00e1l\u00f3k egyszer\u0171en rendezhetik fot\u00f3k\u00f6nyvt\u00e1raikat, \u00edgy k\u00f6nnyebben kereshetik \u00e9s rendezhetik a k\u00e9peket.<\/p>\n\n\n\n<p>A felhaszn\u00e1l\u00f3i \u00e9lm\u00e9ny m\u00e9g egyszer\u0171bb\u00e9 t\u00e9tele \u00e9rdek\u00e9ben a Lightroom olyan funkci\u00f3kat tartalmaz, amelyek lehet\u0151v\u00e9 teszik a f\u00e9nyk\u00e9pek online megoszt\u00e1s\u00e1t. <\/p>\n\n\n\n<p>Ez nemcsak leegyszer\u0171s\u00edti a megoszt\u00e1si folyamatot, hanem lehet\u0151v\u00e9 teszi a fot\u00f3sok sz\u00e1m\u00e1ra, hogy egyszer\u0171en \u00e9s hat\u00e9konyan bemutass\u00e1k alkot\u00e1saikat a vil\u00e1gnak.<\/p>\n\n\n\n<p>R\u00f6viden: a Lightroom nemcsak robusztus platformot k\u00edn\u00e1l a fot\u00f3szerkeszt\u00e9shez, hanem a k\u00e9pek rendszerez\u00e9s\u00e9ben, kezel\u00e9s\u00e9ben \u00e9s megoszt\u00e1s\u00e1ban is kiv\u00e1l\u00f3, \u00edgy a fot\u00f3z\u00e1s szerelmeseinek \u00e9s a szakembereknek egyar\u00e1nt n\u00e9lk\u00fcl\u00f6zhetetlen eszk\u00f6ze.<\/p>\n\n\n\n<h2 class=\"wp-block-heading\">B612<\/h2>\n\n\n\n<p>A B612 egy kamera- \u00e9s fot\u00f3szerkeszt\u0151 alkalmaz\u00e1s, amellyel a felhaszn\u00e1l\u00f3k kiv\u00e1l\u00f3 min\u0151s\u00e9g\u0171 szelfiket \u00e9s f\u00e9nyk\u00e9peket k\u00e9sz\u00edthetnek. <\/p>\n\n\n\n<p>Az alkalmaz\u00e1s sz\u00e1mos funkci\u00f3t k\u00edn\u00e1l, bele\u00e9rtve a sz\u0171r\u0151ket, matric\u00e1kat, kereteket \u00e9s szerkeszt\u0151eszk\u00f6z\u00f6ket. Azt is lehet\u0151v\u00e9 teszi a felhaszn\u00e1l\u00f3knak, hogy megossz\u00e1k f\u00e9nyk\u00e9peiket a k\u00f6z\u00f6ss\u00e9gi m\u00e9di\u00e1ban.<\/p>\n\n\n\n<p>A B612-t a LINE Corporation, egy jap\u00e1n sz\u00e9khely\u0171 technol\u00f3giai c\u00e9g fejlesztette ki. Az alkalmaz\u00e1st el\u0151sz\u00f6r 2014-ben adt\u00e1k ki, \u00e9s az\u00f3ta a vil\u00e1g egyik legn\u00e9pszer\u0171bb kameraalkalmaz\u00e1sa. <\/p>\n\n\n\n<p>Az alkalmaz\u00e1s ingyenes, de v\u00e1s\u00e1rl\u00e1sokat k\u00edn\u00e1l tov\u00e1bbi funkci\u00f3k felold\u00e1s\u00e1hoz, \u00e9s el\u00e9rhet\u0151 Android \u00e9s iOS eszk\u00f6z\u00f6k\u00f6n.<\/p>\n\n\n\n<h2 class=\"wp-block-heading\">Speci\u00e1lis funkci\u00f3k, amelyeket a k\u00e9pszerkeszt\u0151 alkalmaz\u00e1soknak tartalmazniuk kell<\/h2>\n\n\n\n<p>Az olyan alapvet\u0151 szerkeszt\u00e9si funkci\u00f3kon k\u00edv\u00fcl, mint a f\u00e9nyer\u0151 \u00e9s a kontraszt be\u00e1ll\u00edt\u00e1sa, a legjobb fot\u00f3szerkeszt\u0151 alkalmaz\u00e1sok fejlett funkci\u00f3kat k\u00edn\u00e1lnak a k\u00e9pek jav\u00edt\u00e1s\u00e1hoz.<\/p>\n\n\n\n<h3 class=\"wp-block-heading\">Sz\u0171r\u0151effektusok \u00e9s sz\u00ednbe\u00e1ll\u00edt\u00e1sok<\/h3>\n\n\n\n<p>A sz\u0171r\u0151k egy n\u00e9pszer\u0171 m\u00f3dja annak, hogy pizz\u00e1t adjunk a f\u00e9nyk\u00e9pekhez. A szerkeszt\u0151 alkalmaz\u00e1sokkal sokf\u00e9le sz\u0171r\u0151vel k\u00eds\u00e9rletezhet, a finomt\u00f3l az intenz\u00edvig, hogy k\u00fcl\u00f6nb\u00f6z\u0151 hangulatokat \u00e9s st\u00edlusokat teremtsen. <\/p>\n\n\n\n<p>R\u00e1ad\u00e1sul a sz\u00ednbe\u00e1ll\u00edt\u00e1sok lehet\u0151v\u00e9 teszik az egyes \u00e1rnyalatok finom\u00edt\u00e1s\u00e1t, \u00edgy a f\u00e9nyk\u00e9pek \u00e9l\u00e9nkebbek \u00e9s kifejez\u0151bbek.<\/p>\n\n\n\n<h3 class=\"wp-block-heading\">Retus\u00e1l\u00f3 \u00e9s jav\u00edt\u00f3 eszk\u00f6z\u00f6k<\/h3>\n\n\n\n<p>Ha szeretn\u00e9 t\u00f6k\u00e9letes\u00edteni a portr\u00e9kat, vagy elt\u00fcntetni az apr\u00f3 hib\u00e1kat, a retus\u00e1l\u00f3 eszk\u00f6z\u00f6k elengedhetetlenek. <\/p>\n\n\n\n<p>A foltok elt\u00e1vol\u00edt\u00e1s\u00e1nak, a b\u0151r sim\u00edt\u00e1s\u00e1nak vagy a r\u00e1ncok cs\u00f6kkent\u00e9s\u00e9nek lehet\u0151s\u00e9g\u00e9vel term\u00e9szetes, professzion\u00e1lis eredm\u00e9nnyel alak\u00edthatja \u00e1t a portr\u00e9kat. <\/p>\n\n\n\n<p>Ezekkel a fejlett eszk\u00f6z\u00f6kkel hib\u00e1tlan megjelen\u00e9st hozhat l\u00e9tre fot\u00f3iban.<\/p>\n\n\n\n<h3 class=\"wp-block-heading\">Adott k\u00e9pelemek szerkeszt\u00e9se<\/h3>\n\n\n\n<p>Az \u00e1ltal\u00e1nos be\u00e1ll\u00edt\u00e1sokon k\u00edv\u00fcl a k\u00e9p egyes elemeit is szerkesztheti, hogy c\u00e9lzottabb vizu\u00e1lis hat\u00e1st \u00e9rjen el. <\/p>\n\n\n\n<p>A k\u00f6rbev\u00e1g\u00e1s \u00e9s az \u00e1tm\u00e9retez\u00e9s lehet\u0151v\u00e9 teszi a k\u00e9p legfontosabb r\u00e9sz\u00e9nek kiemel\u00e9s\u00e9t, kik\u00fcsz\u00f6b\u00f6lve a zavar\u00f3 t\u00e9nyez\u0151ket. <\/p>\n\n\n\n<p>Sz\u00f6veg \u00e9s grafikus fedv\u00e9nyek hozz\u00e1ad\u00e1s\u00e1val jegyzeteket, c\u00edmeket vagy d\u00edsz\u00edt\u0151elemeket hozhat l\u00e9tre, szem\u00e9lyes \u00e9s kreat\u00edv hat\u00e1st adva a f\u00e9nyk\u00e9peknek.<\/p>\n\n\n\n<h2 class=\"wp-block-heading\">Tippek a jobb eredm\u00e9nyek el\u00e9r\u00e9s\u00e9hez a k\u00e9pszerkeszt\u0151 alkalmaz\u00e1sokkal<\/h2>\n\n\n\n<p>Ha kiv\u00e9teles eredm\u00e9nyeket szeretne el\u00e9rni a f\u00e9nyk\u00e9pek szerkeszt\u00e9se sor\u00e1n, \u00edme n\u00e9h\u00e1ny hasznos tipp:<\/p>\n\n\n\n<h3 class=\"wp-block-heading\">Kezdje egy j\u00f3 min\u0151s\u00e9g\u0171 f\u00e9nyk\u00e9ppel<\/h3>\n\n\n\n<p>A nagy felbont\u00e1s\u00fa fot\u00f3 t\u00f6bb r\u00e9szletet \u00e9s rugalmass\u00e1got biztos\u00edt a szerkeszt\u00e9s sor\u00e1n. Gy\u0151z\u0151dj\u00f6n meg r\u00f3la, hogy tiszta, j\u00f3l megvil\u00e1g\u00edtott f\u00e9nyk\u00e9peket k\u00e9sz\u00edt a legjobb eredm\u00e9ny \u00e9rdek\u00e9ben.<\/p>\n\n\n\n<h3 class=\"wp-block-heading\">A szerkeszt\u00e9s tov\u00e1bbra is finom \u00e9s term\u00e9szetes<\/h3>\n\n\n\n<p>Hacsak nem egy meghat\u00e1rozott m\u0171v\u00e9szi st\u00edlusra t\u00f6rekszik, ker\u00fclje a t\u00falzott szerkeszt\u00e9st. Finoman alkalmazza a be\u00e1ll\u00edt\u00e1sokat, meg\u0151rizve a k\u00e9p term\u00e9szetes megjelen\u00e9s\u00e9t.<\/p>\n\n\n\n<h3 class=\"wp-block-heading\">Pr\u00f3b\u00e1lja ki a be\u00e1ll\u00edt\u00e1sok k\u00fcl\u00f6nb\u00f6z\u0151 kombin\u00e1ci\u00f3it<\/h3>\n\n\n\n<p>Ne f\u00e9ljen felfedezni a be\u00e1ll\u00edt\u00e1sok k\u00fcl\u00f6nb\u00f6z\u0151 kombin\u00e1ci\u00f3it, hogy megtal\u00e1lja a k\u00edv\u00e1nt megjelen\u00e9st. \u00c1ll\u00edtsa be a f\u00e9nyer\u0151t, kontrasztot, tel\u00edtetts\u00e9get \u00e9s egy\u00e9b param\u00e9tereket, am\u00edg el nem \u00e9ri a k\u00edv\u00e1nt eredm\u00e9nyt.<\/p>\n\n\n\n<h3 class=\"wp-block-heading\">Mentse el a szerkesztett f\u00e9nyk\u00e9pek eredeti verzi\u00f3it<\/h3>\n\n\n\n<p>A szerkeszt\u00e9s megkezd\u00e9se el\u0151tt mindig mentse el az eredeti f\u00e9nyk\u00e9p m\u00e1solat\u00e1t. \u00cdgy \u00f6sszehasonl\u00edthatja a v\u00e9geredm\u00e9nyt az eredeti k\u00e9ppel, \u00e9s sz\u00fcks\u00e9g eset\u00e9n tov\u00e1bbi m\u00f3dos\u00edt\u00e1sokat v\u00e9gezhet.<\/p>\n\n\n\n<h2 class=\"wp-block-heading\">K\u00f6vetkeztet\u00e9s<\/h2>\n\n\n\n<p>A k\u00e9pszerkeszt\u0151 alkalmaz\u00e1sok minden bizonnyal kreat\u00edv lehet\u0151s\u00e9geket k\u00edn\u00e1lnak a k\u00e9pek jav\u00edt\u00e1s\u00e1ra \u00e9s \u00e1talak\u00edt\u00e1s\u00e1ra. <\/p>\n\n\n\n<p>Ne felejtse el alkalmazni az eml\u00edtett tippeket, hogy a legjobb eredm\u00e9nyt \u00e9rje el f\u00e9nyk\u00e9pek szerkeszt\u00e9se sor\u00e1n. <\/p>\n\n\n\n<p>\u00cdgy hozhatja ki a legt\u00f6bbet a mobil fot\u00f3z\u00e1sb\u00f3l a megfelel\u0151 szerkeszt\u0151 alkalmaz\u00e1sokkal, \u00e9s keltheti \u00e9letre k\u00e9peit kreat\u00edv \u00e9s leny\u0171g\u00f6z\u0151 m\u00f3don.<\/p>\n<\/body><\/html>","protected":false},"excerpt":{"rendered":"<p>A era da fotografia m\u00f3vel est\u00e1 em pleno vigor. Com smartphones cada vez mais poderosos e c\u00e2meras de alta resolu\u00e7\u00e3o, tirar fotos se tornou uma atividade cotidiana para a maioria das pessoas. No entanto, para elevar suas fotos a um n\u00edvel superior, \u00e9 essencial utilizar aplicativos para editar fotos. Ent\u00e3o, iremos explorar os melhores aplicativos [&hellip;]<\/p>\n","protected":false},"author":3,"featured_media":572,"comment_status":"open","ping_status":"open","sticky":false,"template":"","format":"standard","meta":{"footnotes":""},"categories":[3],"tags":[],"class_list":["post-571","post","type-post","status-publish","format-standard","has-post-thumbnail","hentry","category-aplicativos"],"yoast_head":"<!-- This site is optimized with the Yoast SEO plugin v27.4 - https:\/\/yoast.com\/product\/yoast-seo-wordpress\/ -->\n<title>Aplicativos para editar fotos<\/title>\n<meta name=\"description\" content=\"Descubra os melhores aplicativos para editar fotos e eleve suas imagens a um novo patamar. Apps poderosos para transformar suas fotos!\" \/>\n<meta name=\"robots\" content=\"index, follow, max-snippet:-1, max-image-preview:large, max-video-preview:-1\" \/>\n<link rel=\"canonical\" href=\"https:\/\/upstardigital.com\/hu\/aplicativos-para-editar-fotos\/\" \/>\n<meta property=\"og:locale\" content=\"hu_HU\" \/>\n<meta property=\"og:type\" content=\"article\" \/>\n<meta property=\"og:title\" content=\"Aplicativos para editar fotos\" \/>\n<meta property=\"og:description\" content=\"Descubra os melhores aplicativos para editar fotos e eleve suas imagens a um novo patamar. Apps poderosos para transformar suas fotos!\" \/>\n<meta property=\"og:url\" content=\"https:\/\/upstardigital.com\/hu\/aplicativos-para-editar-fotos\/\" \/>\n<meta property=\"article:published_time\" content=\"2023-08-21T19:05:24+00:00\" \/>\n<meta property=\"article:modified_time\" content=\"2026-04-06T14:04:56+00:00\" \/>\n<meta property=\"og:image\" content=\"https:\/\/upstardigital.com\/wp-content\/uploads\/2023\/08\/Aplicativos-para-editar-fotos.jpg\" \/>\n\t<meta property=\"og:image:width\" content=\"2508\" \/>\n\t<meta property=\"og:image:height\" content=\"1672\" \/>\n\t<meta property=\"og:image:type\" content=\"image\/jpeg\" \/>\n<meta name=\"author\" content=\"Isabela Nogueira\" \/>\n<meta name=\"twitter:card\" content=\"summary_large_image\" \/>\n<meta name=\"twitter:label1\" content=\"Written by\" \/>\n\t<meta name=\"twitter:data1\" content=\"Isabela Nogueira\" \/>\n\t<meta name=\"twitter:label2\" content=\"Est. reading time\" \/>\n\t<meta name=\"twitter:data2\" content=\"6 minutes\" \/>\n<script type=\"application\/ld+json\" class=\"yoast-schema-graph\">{\"@context\":\"https:\\\/\\\/schema.org\",\"@graph\":[{\"@type\":\"Article\",\"@id\":\"https:\\\/\\\/upstardigital.com\\\/aplicativos-para-editar-fotos\\\/#article\",\"isPartOf\":{\"@id\":\"https:\\\/\\\/upstardigital.com\\\/aplicativos-para-editar-fotos\\\/\"},\"author\":{\"name\":\"Isabela Nogueira\",\"@id\":\"https:\\\/\\\/upstardigital.com\\\/#\\\/schema\\\/person\\\/8a1ab050dadc3913068fb8ce1923907e\"},\"headline\":\"Aplicativos para editar fotos\",\"datePublished\":\"2023-08-21T19:05:24+00:00\",\"dateModified\":\"2026-04-06T14:04:56+00:00\",\"mainEntityOfPage\":{\"@id\":\"https:\\\/\\\/upstardigital.com\\\/aplicativos-para-editar-fotos\\\/\"},\"wordCount\":1030,\"commentCount\":0,\"image\":{\"@id\":\"https:\\\/\\\/upstardigital.com\\\/aplicativos-para-editar-fotos\\\/#primaryimage\"},\"thumbnailUrl\":\"https:\\\/\\\/upstardigital.com\\\/wp-content\\\/uploads\\\/2023\\\/08\\\/Aplicativos-para-editar-fotos.jpg\",\"articleSection\":[\"APLICATIVOS\"],\"inLanguage\":\"hu-HU\",\"potentialAction\":[{\"@type\":\"CommentAction\",\"name\":\"Comment\",\"target\":[\"https:\\\/\\\/upstardigital.com\\\/aplicativos-para-editar-fotos\\\/#respond\"]}]},{\"@type\":\"WebPage\",\"@id\":\"https:\\\/\\\/upstardigital.com\\\/aplicativos-para-editar-fotos\\\/\",\"url\":\"https:\\\/\\\/upstardigital.com\\\/aplicativos-para-editar-fotos\\\/\",\"name\":\"Aplicativos para editar fotos\",\"isPartOf\":{\"@id\":\"https:\\\/\\\/upstardigital.com\\\/#website\"},\"primaryImageOfPage\":{\"@id\":\"https:\\\/\\\/upstardigital.com\\\/aplicativos-para-editar-fotos\\\/#primaryimage\"},\"image\":{\"@id\":\"https:\\\/\\\/upstardigital.com\\\/aplicativos-para-editar-fotos\\\/#primaryimage\"},\"thumbnailUrl\":\"https:\\\/\\\/upstardigital.com\\\/wp-content\\\/uploads\\\/2023\\\/08\\\/Aplicativos-para-editar-fotos.jpg\",\"datePublished\":\"2023-08-21T19:05:24+00:00\",\"dateModified\":\"2026-04-06T14:04:56+00:00\",\"author\":{\"@id\":\"https:\\\/\\\/upstardigital.com\\\/#\\\/schema\\\/person\\\/8a1ab050dadc3913068fb8ce1923907e\"},\"description\":\"Descubra os melhores aplicativos para editar fotos e eleve suas imagens a um novo patamar. Apps poderosos para transformar suas fotos!\",\"breadcrumb\":{\"@id\":\"https:\\\/\\\/upstardigital.com\\\/aplicativos-para-editar-fotos\\\/#breadcrumb\"},\"inLanguage\":\"hu-HU\",\"potentialAction\":[{\"@type\":\"ReadAction\",\"target\":[\"https:\\\/\\\/upstardigital.com\\\/aplicativos-para-editar-fotos\\\/\"]}]},{\"@type\":\"ImageObject\",\"inLanguage\":\"hu-HU\",\"@id\":\"https:\\\/\\\/upstardigital.com\\\/aplicativos-para-editar-fotos\\\/#primaryimage\",\"url\":\"https:\\\/\\\/upstardigital.com\\\/wp-content\\\/uploads\\\/2023\\\/08\\\/Aplicativos-para-editar-fotos.jpg\",\"contentUrl\":\"https:\\\/\\\/upstardigital.com\\\/wp-content\\\/uploads\\\/2023\\\/08\\\/Aplicativos-para-editar-fotos.jpg\",\"width\":2508,\"height\":1672,\"caption\":\"Aplicativos para editar fotos. Fonte da imagem: Google\"},{\"@type\":\"BreadcrumbList\",\"@id\":\"https:\\\/\\\/upstardigital.com\\\/aplicativos-para-editar-fotos\\\/#breadcrumb\",\"itemListElement\":[{\"@type\":\"ListItem\",\"position\":1,\"name\":\"In\u00edcio\",\"item\":\"https:\\\/\\\/upstardigital.com\\\/\"},{\"@type\":\"ListItem\",\"position\":2,\"name\":\"Aplicativos para editar fotos\"}]},{\"@type\":\"WebSite\",\"@id\":\"https:\\\/\\\/upstardigital.com\\\/#website\",\"url\":\"https:\\\/\\\/upstardigital.com\\\/\",\"name\":\"\",\"description\":\"\",\"potentialAction\":[{\"@type\":\"SearchAction\",\"target\":{\"@type\":\"EntryPoint\",\"urlTemplate\":\"https:\\\/\\\/upstardigital.com\\\/?s={search_term_string}\"},\"query-input\":{\"@type\":\"PropertyValueSpecification\",\"valueRequired\":true,\"valueName\":\"search_term_string\"}}],\"inLanguage\":\"hu-HU\"},{\"@type\":\"Person\",\"@id\":\"https:\\\/\\\/upstardigital.com\\\/#\\\/schema\\\/person\\\/8a1ab050dadc3913068fb8ce1923907e\",\"name\":\"Isabela Nogueira\",\"image\":{\"@type\":\"ImageObject\",\"inLanguage\":\"hu-HU\",\"@id\":\"https:\\\/\\\/secure.gravatar.com\\\/avatar\\\/1d626bffe0a1877b457f91859b6f55c0eedd2d2efda2bc0ac409b295d7446fab?s=96&d=mm&r=g\",\"url\":\"https:\\\/\\\/secure.gravatar.com\\\/avatar\\\/1d626bffe0a1877b457f91859b6f55c0eedd2d2efda2bc0ac409b295d7446fab?s=96&d=mm&r=g\",\"contentUrl\":\"https:\\\/\\\/secure.gravatar.com\\\/avatar\\\/1d626bffe0a1877b457f91859b6f55c0eedd2d2efda2bc0ac409b295d7446fab?s=96&d=mm&r=g\",\"caption\":\"Isabela Nogueira\"},\"sameAs\":[\"https:\\\/\\\/upstardigital.com\\\/\"],\"url\":\"https:\\\/\\\/upstardigital.com\\\/hu\\\/author\\\/isabela\\\/\"}]}<\/script>\n<!-- \/ Yoast SEO plugin. -->","yoast_head_json":{"title":"Alkalmaz\u00e1sok f\u00e9nyk\u00e9pek szerkeszt\u00e9s\u00e9hez","description":"Fedezze fel a legjobb fot\u00f3szerkeszt\u00e9si alkalmaz\u00e1sokat, \u00e9s emelje k\u00e9peit \u00faj szintre. Hat\u00e9kony alkalmaz\u00e1sok a f\u00e9nyk\u00e9pek \u00e1talak\u00edt\u00e1s\u00e1hoz!","robots":{"index":"index","follow":"follow","max-snippet":"max-snippet:-1","max-image-preview":"max-image-preview:large","max-video-preview":"max-video-preview:-1"},"canonical":"https:\/\/upstardigital.com\/hu\/aplicativos-para-editar-fotos\/","og_locale":"hu_HU","og_type":"article","og_title":"Aplicativos para editar fotos","og_description":"Descubra os melhores aplicativos para editar fotos e eleve suas imagens a um novo patamar. Apps poderosos para transformar suas fotos!","og_url":"https:\/\/upstardigital.com\/hu\/aplicativos-para-editar-fotos\/","article_published_time":"2023-08-21T19:05:24+00:00","article_modified_time":"2026-04-06T14:04:56+00:00","og_image":[{"width":2508,"height":1672,"url":"https:\/\/upstardigital.com\/wp-content\/uploads\/2023\/08\/Aplicativos-para-editar-fotos.jpg","type":"image\/jpeg"}],"author":"Isabela Nogueira","twitter_card":"summary_large_image","twitter_misc":{"Written by":"Isabela Nogueira","Est. reading time":"6 minutes"},"schema":{"@context":"https:\/\/schema.org","@graph":[{"@type":"Article","@id":"https:\/\/upstardigital.com\/aplicativos-para-editar-fotos\/#article","isPartOf":{"@id":"https:\/\/upstardigital.com\/aplicativos-para-editar-fotos\/"},"author":{"name":"Isabela Nogueira","@id":"https:\/\/upstardigital.com\/#\/schema\/person\/8a1ab050dadc3913068fb8ce1923907e"},"headline":"Aplicativos para editar fotos","datePublished":"2023-08-21T19:05:24+00:00","dateModified":"2026-04-06T14:04:56+00:00","mainEntityOfPage":{"@id":"https:\/\/upstardigital.com\/aplicativos-para-editar-fotos\/"},"wordCount":1030,"commentCount":0,"image":{"@id":"https:\/\/upstardigital.com\/aplicativos-para-editar-fotos\/#primaryimage"},"thumbnailUrl":"https:\/\/upstardigital.com\/wp-content\/uploads\/2023\/08\/Aplicativos-para-editar-fotos.jpg","articleSection":["APLICATIVOS"],"inLanguage":"hu-HU","potentialAction":[{"@type":"CommentAction","name":"Comment","target":["https:\/\/upstardigital.com\/aplicativos-para-editar-fotos\/#respond"]}]},{"@type":"WebPage","@id":"https:\/\/upstardigital.com\/aplicativos-para-editar-fotos\/","url":"https:\/\/upstardigital.com\/aplicativos-para-editar-fotos\/","name":"Alkalmaz\u00e1sok f\u00e9nyk\u00e9pek szerkeszt\u00e9s\u00e9hez","isPartOf":{"@id":"https:\/\/upstardigital.com\/#website"},"primaryImageOfPage":{"@id":"https:\/\/upstardigital.com\/aplicativos-para-editar-fotos\/#primaryimage"},"image":{"@id":"https:\/\/upstardigital.com\/aplicativos-para-editar-fotos\/#primaryimage"},"thumbnailUrl":"https:\/\/upstardigital.com\/wp-content\/uploads\/2023\/08\/Aplicativos-para-editar-fotos.jpg","datePublished":"2023-08-21T19:05:24+00:00","dateModified":"2026-04-06T14:04:56+00:00","author":{"@id":"https:\/\/upstardigital.com\/#\/schema\/person\/8a1ab050dadc3913068fb8ce1923907e"},"description":"Fedezze fel a legjobb fot\u00f3szerkeszt\u00e9si alkalmaz\u00e1sokat, \u00e9s emelje k\u00e9peit \u00faj szintre. Hat\u00e9kony alkalmaz\u00e1sok a f\u00e9nyk\u00e9pek \u00e1talak\u00edt\u00e1s\u00e1hoz!","breadcrumb":{"@id":"https:\/\/upstardigital.com\/aplicativos-para-editar-fotos\/#breadcrumb"},"inLanguage":"hu-HU","potentialAction":[{"@type":"ReadAction","target":["https:\/\/upstardigital.com\/aplicativos-para-editar-fotos\/"]}]},{"@type":"ImageObject","inLanguage":"hu-HU","@id":"https:\/\/upstardigital.com\/aplicativos-para-editar-fotos\/#primaryimage","url":"https:\/\/upstardigital.com\/wp-content\/uploads\/2023\/08\/Aplicativos-para-editar-fotos.jpg","contentUrl":"https:\/\/upstardigital.com\/wp-content\/uploads\/2023\/08\/Aplicativos-para-editar-fotos.jpg","width":2508,"height":1672,"caption":"Aplicativos para editar fotos. Fonte da imagem: Google"},{"@type":"BreadcrumbList","@id":"https:\/\/upstardigital.com\/aplicativos-para-editar-fotos\/#breadcrumb","itemListElement":[{"@type":"ListItem","position":1,"name":"In\u00edcio","item":"https:\/\/upstardigital.com\/"},{"@type":"ListItem","position":2,"name":"Aplicativos para editar fotos"}]},{"@type":"WebSite","@id":"https:\/\/upstardigital.com\/#website","url":"https:\/\/upstardigital.com\/","name":"","description":"","potentialAction":[{"@type":"SearchAction","target":{"@type":"EntryPoint","urlTemplate":"https:\/\/upstardigital.com\/?s={search_term_string}"},"query-input":{"@type":"PropertyValueSpecification","valueRequired":true,"valueName":"search_term_string"}}],"inLanguage":"hu-HU"},{"@type":"Person","@id":"https:\/\/upstardigital.com\/#\/schema\/person\/8a1ab050dadc3913068fb8ce1923907e","name":"Isabela Nogueira","image":{"@type":"ImageObject","inLanguage":"hu-HU","@id":"https:\/\/secure.gravatar.com\/avatar\/1d626bffe0a1877b457f91859b6f55c0eedd2d2efda2bc0ac409b295d7446fab?s=96&d=mm&r=g","url":"https:\/\/secure.gravatar.com\/avatar\/1d626bffe0a1877b457f91859b6f55c0eedd2d2efda2bc0ac409b295d7446fab?s=96&d=mm&r=g","contentUrl":"https:\/\/secure.gravatar.com\/avatar\/1d626bffe0a1877b457f91859b6f55c0eedd2d2efda2bc0ac409b295d7446fab?s=96&d=mm&r=g","caption":"Isabela Nogueira"},"sameAs":["https:\/\/upstardigital.com\/"],"url":"https:\/\/upstardigital.com\/hu\/author\/isabela\/"}]}},"_links":{"self":[{"href":"https:\/\/upstardigital.com\/hu\/wp-json\/wp\/v2\/posts\/571","targetHints":{"allow":["GET"]}}],"collection":[{"href":"https:\/\/upstardigital.com\/hu\/wp-json\/wp\/v2\/posts"}],"about":[{"href":"https:\/\/upstardigital.com\/hu\/wp-json\/wp\/v2\/types\/post"}],"author":[{"embeddable":true,"href":"https:\/\/upstardigital.com\/hu\/wp-json\/wp\/v2\/users\/3"}],"replies":[{"embeddable":true,"href":"https:\/\/upstardigital.com\/hu\/wp-json\/wp\/v2\/comments?post=571"}],"version-history":[{"count":3,"href":"https:\/\/upstardigital.com\/hu\/wp-json\/wp\/v2\/posts\/571\/revisions"}],"predecessor-version":[{"id":1529,"href":"https:\/\/upstardigital.com\/hu\/wp-json\/wp\/v2\/posts\/571\/revisions\/1529"}],"wp:featuredmedia":[{"embeddable":true,"href":"https:\/\/upstardigital.com\/hu\/wp-json\/wp\/v2\/media\/572"}],"wp:attachment":[{"href":"https:\/\/upstardigital.com\/hu\/wp-json\/wp\/v2\/media?parent=571"}],"wp:term":[{"taxonomy":"category","embeddable":true,"href":"https:\/\/upstardigital.com\/hu\/wp-json\/wp\/v2\/categories?post=571"},{"taxonomy":"post_tag","embeddable":true,"href":"https:\/\/upstardigital.com\/hu\/wp-json\/wp\/v2\/tags?post=571"}],"curies":[{"name":"wp","href":"https:\/\/api.w.org\/{rel}","templated":true}]}}