{"id":546,"date":"2023-08-21T13:35:08","date_gmt":"2023-08-21T16:35:08","guid":{"rendered":"https:\/\/upstardigital.com\/?p=546"},"modified":"2024-01-25T12:03:01","modified_gmt":"2024-01-25T15:03:01","slug":"como-fazer-um-devocional-de-qualidade","status":"publish","type":"post","link":"https:\/\/upstardigital.com\/hu_eu\/como-fazer-um-devocional-de-qualidade\/","title":{"rendered":"Hogyan k\u00e9sz\u00edts\u00fcnk min\u0151s\u00e9gi \u00e1h\u00edtatot"},"content":{"rendered":"<html><body><p>A min\u0151s\u00e9gi \u00e1h\u00edtat elengedhetetlen azok sz\u00e1m\u00e1ra, akik szeretn\u00e9k elm\u00e9ly\u00edteni lelki \u00e9let\u00fcket, \u00e9s tartalmasabb kapcsolatot szeretn\u00e9nek kialak\u00edtani Istennel. <\/p>\n\n\n\n<p>Ebben a cikkben megvizsg\u00e1ljuk, hogyan k\u00e9sz\u00edts\u00fcnk min\u0151s\u00e9gi \u00e1h\u00edtatot, az el\u0151k\u00e9sz\u00edt\u00e9st\u0151l a fel\u00e9p\u00edt\u00e9sig, \u00e9s tov\u00e1bbi tippeket adunk a gazdag\u00edt\u00f3 \u00e9lm\u00e9nyhez.<\/p>\n\n\n\n<h2 class=\"wp-block-heading\">Felk\u00e9sz\u00fcl\u00e9s az \u00e1h\u00edtatra<\/h2>\n\n\n\n<p>Az \u00e1h\u00edtat megkezd\u00e9se el\u0151tt fontos megfelel\u0151 k\u00f6rnyezetet teremteni, \u00e9s gondoskodni kell arr\u00f3l, hogy k\u00e9zn\u00e9l legyenek a megfelel\u0151 anyagok. <\/p>\n\n\n\n<p>Ezenk\u00edv\u00fcl elengedhetetlen a kiz\u00e1r\u00f3lag erre a gyakorlatra szentelt id\u0151 meg\u00e1llap\u00edt\u00e1sa is.<\/p>\n\n\n\n<h3 class=\"wp-block-heading\">Csendes hely kiv\u00e1laszt\u00e1sa<\/h3>\n\n\n\n<p>Keress egy helyet, ahol nyugodt \u00e9s koncentr\u00e1lt lehetsz. Ez lehet egy k\u00fcl\u00f6nleges sarok otthon\u00e1ban, egy b\u00e9k\u00e9s kertben vagy ak\u00e1r egy k\u00e1poln\u00e1ban. <\/p>\n\n\n\n<p>Gy\u0151z\u0151dj\u00f6n meg arr\u00f3l, hogy ez a t\u00e9r mentes a zavar\u00f3 t\u00e9nyez\u0151kt\u0151l \u00e9s a zajt\u00f3l, lehet\u0151v\u00e9 t\u00e9ve, hogy teljes m\u00e9rt\u00e9kben elmer\u00fclj\u00f6n az \u00e1h\u00edtatban.<\/p>\n\n\n\n<h3 class=\"wp-block-heading\">A megfelel\u0151 anyagok kiv\u00e1laszt\u00e1sa<\/h3>\n\n\n\n<p>Gy\u0151z\u0151dj\u00f6n meg arr\u00f3l, hogy van olyan Bibli\u00e1ja vagy \u00e1h\u00edtatos k\u00f6nyve, amely relev\u00e1ns az \u00d6n sz\u00e1m\u00e1ra. <\/p>\n\n\n\n<p>Ezenk\u00edv\u00fcl hasznos lehet egy jegyzetf\u00fczet vagy napl\u00f3, amellyel jegyzeteket k\u00e9sz\u00edthet, elm\u00e9lked\u00e9seket r\u00f6gz\u00edthet, \u00e9s nyomon k\u00f6vetheti lelki fejl\u0151d\u00e9s\u00e9t az id\u0151 m\u00fal\u00e1s\u00e1val.<\/p>\n\n\n\n<h3 class=\"wp-block-heading\">Dedik\u00e1lt id\u0151 meg\u00e1llap\u00edt\u00e1sa<\/h3>\n\n\n\n<p>A napi \u00e1h\u00edtatokra meghat\u00e1rozott id\u0151pont kit\u0171z\u00e9se kulcsfontoss\u00e1g\u00fa az Istennel val\u00f3 m\u00e9lyebb kapcsolat \u00e1pol\u00e1s\u00e1hoz. Ez lehet az els\u0151 dolog reggel, a nap megkezd\u00e9se el\u0151tt vagy este, lefekv\u00e9s el\u0151tt. Az id\u0151pont megv\u00e1laszt\u00e1sa az \u00d6n rutinj\u00e1t\u00f3l \u00e9s szem\u00e9lyes preferenci\u00e1it\u00f3l f\u00fcgg.<\/p>\n\n\n\n<p>Ha \u00fagy d\u00f6nt, hogy \u00e1h\u00edtattal kezdi a napot, lehet\u0151v\u00e9 teszi, hogy az els\u0151 pillanatokat a spiritu\u00e1lis \u00e9rintkez\u00e9snek szentelje, pozit\u00edv alapot teremtve a k\u00f6vetkez\u0151 tev\u00e9kenys\u00e9gekhez. M\u00e1sr\u00e9szt az \u00e9jszakai id\u0151 megoszt\u00e1sa lehet\u0151v\u00e9 teszi, hogy elgondolkodjunk a nappalon, \u00e9s h\u00e1l\u00e1sak legy\u00fcnk a kapott \u00e1ld\u00e1sok\u00e9rt.<\/p>\n\n\n\n<p>A v\u00e1lasztott id\u0151pontt\u00f3l f\u00fcggetlen\u00fcl elengedhetetlen a zavar\u00f3 t\u00e9nyez\u0151kt\u0151l \u00e9s megszak\u00edt\u00e1sokt\u00f3l mentes k\u00f6rnyezet kialak\u00edt\u00e1sa. Az elektronikus eszk\u00f6z\u00f6kr\u0151l val\u00f3 lev\u00e1laszt\u00e1s \u00e9s az im\u00e1nak, az Ige olvas\u00e1s\u00e1nak \u00e9s az elm\u00e9lked\u00e9snek szentelt kiz\u00e1r\u00f3lagos figyelem tartalmasabb \u00e9lm\u00e9nyt tesz lehet\u0151v\u00e9.<\/p>\n\n\n\n<p>R\u00f6viden: a napi \u00e1h\u00edtat meghat\u00e1rozott id\u0151pontj\u00e1nak meghat\u00e1roz\u00e1sa elk\u00f6telezetts\u00e9get \u00e9s lelki fegyelmet mutat, er\u0151s\u00edtve az Istennel val\u00f3 szem\u00e9lyes kapcsolatot.<\/p>\n\n\n\n<h2 class=\"wp-block-heading\">Az \u00e1h\u00edtat fel\u00e9p\u00edt\u00e9se<\/h2>\n\n\n\n<p>Most, hogy felk\u00e9sz\u00fclt, ideje fel\u00e9p\u00edteni min\u0151s\u00e9gi odaad\u00e1s\u00e1t. <\/p>\n\n\n\n<p>Ezt a szerkezetet h\u00e1rom f\u0151 r\u00e9szre osztjuk: Bibliaolvas\u00e1s \u00e9s -tanulm\u00e1nyoz\u00e1s, ima \u00e9s medit\u00e1ci\u00f3, valamint gyakorlati alkalmaz\u00e1s \u00e9s cselekv\u00e9s.<\/p>\n\n\n\n<h3 class=\"wp-block-heading\">A Biblia olvas\u00e1sa \u00e9s tanulm\u00e1nyoz\u00e1sa<\/h3>\n\n\n\n<h4 class=\"wp-block-heading\">Egy relev\u00e1ns k\u00f6nyv vagy r\u00e9szlet kiv\u00e1laszt\u00e1sa<\/h4>\n\n\n\n<p>V\u00e1lassz ki egy k\u00f6nyvet vagy r\u00e9szt a Bibli\u00e1b\u00f3l, amely pillanatnyilag fontos sz\u00e1modra. Lehet ez egy lelkes\u00edt\u0151 zsolt\u00e1r, egy r\u00e9szlet az evang\u00e9liumokb\u00f3l vagy egy lev\u00e9l P\u00e1l apostolt\u00f3l.<\/p>\n\n\n\n<p>Amikor ezt a d\u00f6nt\u00e9st hozod, vedd figyelembe lelki sz\u00fcks\u00e9gleteidet \u00e9s az el\u0151tted \u00e1ll\u00f3 kih\u00edv\u00e1sokat. Ez a kiv\u00e1laszt\u00e1si folyamat szil\u00e1rd alapot biztos\u00edt a napi odaad\u00e1s ir\u00e1ny\u00edt\u00e1s\u00e1hoz.<\/p>\n\n\n\n<h4 class=\"wp-block-heading\">A t\u00f6rt\u00e9nelmi \u00e9s kultur\u00e1lis kontextus elemz\u00e9se<\/h4>\n\n\n\n<p>A kiv\u00e1lasztott sz\u00f6vegr\u00e9sz olvas\u00e1sa k\u00f6zben m\u00e9lyedjen el annak t\u00f6rt\u00e9nelmi \u00e9s kultur\u00e1lis kontextus\u00e1ban. Keresse a szerz\u0151t, az \u00edr\u00e1s idej\u00e9t \u00e9s a k\u00f6r\u00fclm\u00e9nyeit. <\/p>\n\n\n\n<p>Ez seg\u00edt abban, hogy m\u00e9lyebben meg\u00e9rtsd az eredeti jelent\u00e9st, \u00e9s alkalmazd ezeket a tan\u00edt\u00e1sokat az \u00e9letedben.<\/p>\n\n\n\n<h4 class=\"wp-block-heading\">Jegyzetek \u00e9s elm\u00e9lked\u00e9sek k\u00e9sz\u00edt\u00e9se<\/h4>\n\n\n\n<p>A szakasz tanulm\u00e1nyoz\u00e1sa k\u00f6zben jegyzetelj a f\u00fczetedbe vagy a napl\u00f3dba. R\u00f6gz\u00edtse azokat a verseket, amelyek felkeltett\u00e9k a figyelm\u00e9t, tegyenek fel k\u00e9rd\u00e9seket, emelje ki megl\u00e1t\u00e1sait \u00e9s r\u00f6gz\u00edtse saj\u00e1t elm\u00e9lked\u00e9seit. <\/p>\n\n\n\n<p>Ezek a jegyzetek \u00e9rt\u00e9kes forr\u00e1sk\u00e9nt szolg\u00e1lnak majd a k\u00e9s\u0151bbi \u00fajragondol\u00e1shoz \u00e9s \u00e1tgondol\u00e1shoz.<\/p>\n\n\n\n<h2 class=\"wp-block-heading\">Im\u00e1ds\u00e1g \u00e9s medit\u00e1ci\u00f3<\/h2>\n\n\n\n<p>A Biblia olvas\u00e1sa \u00e9s tanulm\u00e1nyoz\u00e1sa ut\u00e1n itt az ideje, hogy im\u00e1n \u00e9s medit\u00e1ci\u00f3n kereszt\u00fcl kapcsolatba l\u00e9pj\u00fcnk Istennel.<\/p>\n\n\n\n<h3 class=\"wp-block-heading\">Tisztelettel k\u00f6zeledni Istenhez<\/h3>\n\n\n\n<p>Kezdje az im\u00e1t azzal, hogy felismeri Isten nagys\u00e1g\u00e1t \u00e9s szents\u00e9g\u00e9t. Im\u00e1dd \u0150t, \u00e9s l\u00e9gy h\u00e1l\u00e1s az \u0150 jelenl\u00e9t\u00e9\u00e9rt az \u00e9letedben. <\/p>\n\n\n\n<p>Mutasson al\u00e1zatot \u00e9s tiszteletet, ismerje el tekint\u00e9ly\u00e9t \u00e9s szuverenit\u00e1s\u00e1t.<\/p>\n\n\n\n<h3 class=\"wp-block-heading\">H\u00e1la \u00e9s dics\u00e9ret kifejez\u00e9se<\/h3>\n\n\n\n<p>Fejezd ki h\u00e1l\u00e1dat Istennek a kapott \u00e1ld\u00e1sok\u00e9rt \u00e9s \u00e9leted pozit\u00edv tapasztalatai\u00e9rt. <\/p>\n\n\n\n<p>Dics\u00e9rj\u00e9tek \u0150t h\u0171s\u00e9g\u00e9\u00e9rt \u00e9s felt\u00e9tel n\u00e9lk\u00fcli szeretet\u00e9\u00e9rt. Ez az \u00f6r\u00f6m \u00e9s a h\u00e1la k\u00f6rnyezet\u00e9t teremti meg sz\u00edv\u00e9ben.<\/p>\n\n\n\n<h3 class=\"wp-block-heading\">Szem\u00e9lyes k\u00e9r\u00e9sek \u00e9s k\u00f6zbenj\u00e1r\u00e1sok<\/h3>\n\n\n\n<p>Mutassa be szem\u00e9lyes sz\u00fcks\u00e9gleteit, v\u00e1gyait \u00e9s v\u00e1gyait Istennek. K\u00e9rd az \u0150 \u00fatmutat\u00e1s\u00e1t \u00e9s b\u00f6lcsess\u00e9g\u00e9t az el\u0151tted \u00e1ll\u00f3 kih\u00edv\u00e1sokkal kapcsolatban. <\/p>\n\n\n\n<p>Ezenk\u00edv\u00fcl im\u00e1dkozz m\u00e1sok\u00e9rt, \u00e9s vigye Isten el\u00e9 gondjaikat \u00e9s sz\u00fcks\u00e9gleteiket.<\/p>\n\n\n\n<h2 class=\"wp-block-heading\">Gyakorlati alkalmaz\u00e1s \u00e9s cselekv\u00e9s<\/h2>\n\n\n\n<p>A min\u0151s\u00e9gi \u00e1h\u00edtat nemcsak olvas\u00e1sra \u00e9s im\u00e1ra korl\u00e1toz\u00f3dik; gyakorlati cselekv\u00e9st \u00e9s a Bibli\u00e1ban tal\u00e1lhat\u00f3 tan\u00edt\u00e1sok alkalmaz\u00e1s\u00e1t is ig\u00e9nyli.<\/p>\n\n\n\n<h3 class=\"wp-block-heading\">Az elvek \u00e9s tan\u00edt\u00e1sok azonos\u00edt\u00e1sa<\/h3>\n\n\n\n<p>Most, hogy felk\u00e9sz\u00fclt, ideje fel\u00e9p\u00edteni min\u0151s\u00e9gi odaad\u00e1s\u00e1t. <\/p>\n\n\n\n<p>Ezt a szerkezetet h\u00e1rom f\u0151 r\u00e9szre osztjuk: Bibliaolvas\u00e1s \u00e9s -tanulm\u00e1nyoz\u00e1s, ima \u00e9s medit\u00e1ci\u00f3, valamint gyakorlati alkalmaz\u00e1s \u00e9s cselekv\u00e9s.<\/p>\n\n\n\n<h3 class=\"wp-block-heading\">Konkr\u00e9t cselekv\u00e9sek tervez\u00e9se<\/h3>\n\n\n\n<p>Az azonos\u00edtott alapelvek \u00e9s tan\u00edt\u00e1sok alapj\u00e1n tervezzen meg konkr\u00e9t l\u00e9p\u00e9seket, amelyeket megtehet e tan\u00edt\u00e1sok \u00e9let\u00e9ben val\u00f3 alkalmaz\u00e1s\u00e1ra. <\/p>\n\n\n\n<p>Ez lehet szeml\u00e9letv\u00e1lt\u00e1s, meg\u00fajult elk\u00f6telezetts\u00e9g vagy konkr\u00e9t cselekv\u00e9s. \u00cdrd le ezeket a terveket a napl\u00f3dba, \u00e9s tartsd sz\u00e1mon magad azok megval\u00f3s\u00edt\u00e1s\u00e1\u00e9rt.<\/p>\n\n\n\n<p>Tov\u00e1bb\u00e1, amikor a szem\u00e9lyes \u00e1talakul\u00e1sra t\u00f6reksz\u00fcnk, elengedhetetlen, hogy folyamatosan a spiritu\u00e1lis n\u00f6veked\u00e9sre \u00f6sszpontos\u00edtsunk. A min\u0151s\u00e9gi \u00e1h\u00edtat v\u00e9gs\u0151 c\u00e9lja teh\u00e1t a bels\u0151 \u00e1talakul\u00e1s fel\u00e9 ir\u00e1nyul.<\/p>\n\n\n\n<h3 class=\"wp-block-heading\">Szem\u00e9lyes \u00e1talakul\u00e1st keres<\/h3>\n\n\n\n<p>Mik\u00f6zben alkalmazod a Biblia tan\u00edt\u00e1sait a mindennapi \u00e9letedben, t\u00f6rekedj spiritu\u00e1lis fejl\u0151d\u00e9sre, er\u0151s kereszt\u00e9ny jellem kialak\u00edt\u00e1s\u00e1ra, \u00e9s arra, hogy jobban hasonl\u00edts Krisztushoz. Ez az \u00e1talakul\u00e1si folyamat folyamatos \u00e9s \u00e1lland\u00f3 odaad\u00e1st ig\u00e9nyel.<\/p>\n\n\n\n<p>Ez\u00e9rt, amikor \u00e1h\u00edtatodat v\u00e9gezed, l\u00e9gy tudat\u00e1ban a szem\u00e9lyes \u00e9s spiritu\u00e1lis n\u00f6veked\u00e9s lehet\u0151s\u00e9geinek. T\u0171zz ki egy\u00e9rtelm\u0171 c\u00e9lokat az utaz\u00e1sodhoz, \u00e9s id\u0151nk\u00e9nt tekintsd \u00e1t el\u0151rehalad\u00e1s\u00e1t, sz\u00fcks\u00e9g szerint m\u00f3dos\u00edtsa terveinket. <\/p>\n\n\n\n<p>Ez biztos\u00edtja a szem\u00e9lyes \u00e1talakul\u00e1s hat\u00e9kony \u00e9s folyamatos keres\u00e9s\u00e9t a bibliai tan\u00edt\u00e1sok gyakorlati alkalmaz\u00e1s\u00e1n kereszt\u00fcl az \u00e9letedben.<\/p>\n\n\n\n<h2 class=\"wp-block-heading\">Tippek a min\u0151s\u00e9gi \u00e1h\u00edtathoz<\/h2>\n\n\n\n<h3 class=\"wp-block-heading\">K\u00f6vetkezetess\u00e9g \u00e9s fegyelem<\/h3>\n\n\n\n<p>Folytass k\u00f6vetkezetes odaad\u00f3 gyakorlatot, \u00e9s naponta sz\u00e1nj id\u0151t arra, hogy Istennel legy\u00e9l. L\u00e9gy fegyelmezett, \u00e9s helyezd el\u0151t\u00e9rbe ezt a pillanatot a rutinodban.<\/p>\n\n\n\n<h3 class=\"wp-block-heading\">V\u00e1ltozatoss\u00e1g \u00e9s kreativit\u00e1s<\/h3>\n\n\n\n<p>Ezenk\u00edv\u00fcl fontolja meg a v\u00e1ltozatoss\u00e1g \u00e9s a kreativit\u00e1s be\u00e9p\u00edt\u00e9s\u00e9t odaad\u00f3 megk\u00f6zel\u00edt\u00e9s\u00e9be. Pr\u00f3b\u00e1ljon ki k\u00fcl\u00f6nf\u00e9le bibliai r\u00e9szeket, imam\u00f3dszereket \u00e9s az \u00e1h\u00edtat gyakorlat\u00e1hoz kapcsol\u00f3d\u00f3 tev\u00e9kenys\u00e9geket. Ezzel nem csak a monot\u00f3nia elker\u00fclhet\u0151, hanem gazdagabb \u00e9lm\u00e9nyt is ny\u00fajt.<\/p>\n\n\n\n<p>Ehhez legyen kreat\u00edv, \u00e9s keresse meg a m\u00f3dj\u00e1t, hogyan tartsa friss \u00e9s izgalmas \u00e9lm\u00e9ny\u00e9t. Fedezze fel a spiritu\u00e1lis kapcsolat \u00faj m\u00f3djait, ak\u00e1r medit\u00e1ci\u00f3s technik\u00e1k, kontempl\u00e1ci\u00f3 vagy m\u00e1s gyakorlatok r\u00e9v\u00e9n, amelyek rezon\u00e1lnak r\u00e1d.<\/p>\n\n\n\n<h3 class=\"wp-block-heading\">Keressen tov\u00e1bbi forr\u00e1sokat<\/h3>\n\n\n\n<p>A Bibli\u00e1n k\u00edv\u00fcl keress tov\u00e1bbi forr\u00e1sokat spiritu\u00e1lis utaz\u00e1sod elm\u00e9ly\u00edt\u00e9s\u00e9hez. Fontolja meg a k\u00f6nyvek, podcastok, inspir\u00e1l\u00f3 zen\u00e9k \u00e9s bibliatanulm\u00e1nyok bevon\u00e1s\u00e1t az odaad\u00f3 gyakorlat\u00e1ba. Ezek a forr\u00e1sok k\u00fcl\u00f6nb\u00f6z\u0151 perspekt\u00edv\u00e1kat \u00e9s betekint\u00e9st ny\u00fajthatnak, tov\u00e1bb gazdag\u00edtva az odaad\u00f3 \u00e9lm\u00e9nyt.<\/p>\n\n\n\n<p>Ezeknek a strat\u00e9gi\u00e1knak a be\u00e9p\u00edt\u00e9s\u00e9vel nem csak az Istennel val\u00f3 kapcsolatodat er\u0151s\u00edted meg, hanem az id\u0151 m\u00fal\u00e1s\u00e1val \u00e9lettel teli \u00e9s tartalmas is maradsz odaad\u00f3 gyakorlatodban.<\/p>\n\n\n\n<h2 class=\"wp-block-heading\">K\u00f6vetkeztet\u00e9s<\/h2>\n\n\n\n<p>A min\u0151s\u00e9gi \u00e1h\u00edtat elk\u00e9sz\u00edt\u00e9se odafigyel\u00e9st \u00e9s odafigyel\u00e9st ig\u00e9nyel. El\u0151sz\u00f6r is sz\u00e1nj id\u0151t a Biblia olvas\u00e1s\u00e1ra, az ima gyakorl\u00e1s\u00e1ra \u00e9s a tan\u00edt\u00e1sok gyakorlati alkalmaz\u00e1s\u00e1ra. <\/p>\n\n\n\n<p>Ily m\u00f3don megteremti az alapot az Istennel val\u00f3 m\u00e9lyebb kapcsolathoz \u00e9s a jelent\u0151s spiritu\u00e1lis n\u00f6veked\u00e9shez.<\/p>\n\n\n\n<p>Emellett elengedhetetlen egy csendes, koncentr\u00e1ci\u00f3ra \u00f6szt\u00f6nz\u0151 helyet v\u00e1lasztani. Ez\u00e9rt a megfelel\u0151 anyagok kiv\u00e1laszt\u00e1sakor \u00fcgyeljen arra, hogy olyan k\u00f6rnyezetet teremtsen, amely alkalmas a reflexi\u00f3ra \u00e9s az istenivel val\u00f3 k\u00f6z\u00f6ss\u00e9gre. <\/p>\n\n\n\n<p>Hat\u00e1rozzon meg id\u0151t az odaad\u00e1sra, hogy gazdagabb \u00e9lm\u00e9nyt ny\u00fajtson.<\/p>\n\n\n\n<p>A Biblia gondos olvas\u00e1sa, az \u0151szinte im\u00e1ds\u00e1g \u00e9s a tan\u00edt\u00e1sok gyakorlati alkalmaz\u00e1sa r\u00e9v\u00e9n lehet\u0151s\u00e9ged ny\u00edlik szem\u00e9lyes \u00e1talakul\u00e1sra t\u00f6rekedni, \u00e9s megtapasztalni az Istennel val\u00f3 nagyobb intimit\u00e1st. <\/p>\n\n\n\n<p>Ne felejtsen el k\u00f6vetkezetesnek maradni ebben az elk\u00f6telezetts\u00e9gben, kreat\u00edvnak kell lennie a megk\u00f6zel\u00edt\u00e9s\u00e9ben, \u00e9s tov\u00e1bbi er\u0151forr\u00e1sokat keresnie az odaad\u00f3 \u00e9lm\u00e9ny fokoz\u00e1s\u00e1ra.<\/p>\n\n\n\n<p>V\u00e9g\u00fcl, legyen odaad\u00e1sod az inspir\u00e1ci\u00f3, a b\u00f6lcsess\u00e9g \u00e9s a spiritu\u00e1lis n\u00f6veked\u00e9s \u00e1lland\u00f3 forr\u00e1s\u00e1v\u00e1 a hited sor\u00e1n. <\/p>\n\n\n\n<p>Legyen minden ennek a gyakorlatnak szentelt pillanat alkalom arra, hogy m\u00e9lyebben kapcsol\u00f3dj a spiritualit\u00e1ssal \u00e9s er\u0151s\u00edtsd meg kapcsolatodat az istenivel.<\/p>\n\n\n\n<p><strong>L\u00e1sd m\u00e9g:<\/strong> <a href=\"https:\/\/upstardigital.com\/hu_eu\/aplicativos-para-ler-a-biblia\/\" target=\"_blank\" rel=\"noreferrer noopener\">Alkalmaz\u00e1sok a Biblia olvas\u00e1s\u00e1hoz <\/a><\/p>\n<\/body><\/html>","protected":false},"excerpt":{"rendered":"<p>Ter um devocional de qualidade \u00e9 essencial para aqueles que desejam aprofundar sua vida espiritual e desenvolver uma conex\u00e3o mais significativa com Deus. Neste artigo, exploraremos como fazer um devocional de qualidade, desde a prepara\u00e7\u00e3o at\u00e9 a estrutura e dicas adicionais para uma experi\u00eancia enriquecedora. Prepara\u00e7\u00e3o para o devocional Antes de come\u00e7ar o devocional, \u00e9 [&hellip;]<\/p>\n","protected":false},"author":3,"featured_media":547,"comment_status":"open","ping_status":"open","sticky":false,"template":"","format":"standard","meta":{"footnotes":""},"categories":[5],"tags":[],"class_list":["post-546","post","type-post","status-publish","format-standard","has-post-thumbnail","hentry","category-dicas"],"yoast_head":"<!-- This site is optimized with the Yoast SEO plugin v27.4 - https:\/\/yoast.com\/product\/yoast-seo-wordpress\/ -->\n<title>Como fazer um devocional de qualidade<\/title>\n<meta name=\"description\" content=\"Saiba como fazer um devocional de qualidade, desde a prepara\u00e7\u00e3o at\u00e9 a estrutura para uma experi\u00eancia enriquecedora com Deus!\" \/>\n<meta name=\"robots\" content=\"index, follow, max-snippet:-1, max-image-preview:large, max-video-preview:-1\" \/>\n<link rel=\"canonical\" href=\"https:\/\/upstardigital.com\/hu_eu\/como-fazer-um-devocional-de-qualidade\/\" \/>\n<meta property=\"og:locale\" content=\"hu_HU\" \/>\n<meta property=\"og:type\" content=\"article\" \/>\n<meta property=\"og:title\" content=\"Como fazer um devocional de qualidade\" \/>\n<meta property=\"og:description\" content=\"Saiba como fazer um devocional de qualidade, desde a prepara\u00e7\u00e3o at\u00e9 a estrutura para uma experi\u00eancia enriquecedora com Deus!\" \/>\n<meta property=\"og:url\" content=\"https:\/\/upstardigital.com\/hu_eu\/como-fazer-um-devocional-de-qualidade\/\" \/>\n<meta property=\"article:published_time\" content=\"2023-08-21T16:35:08+00:00\" \/>\n<meta property=\"article:modified_time\" content=\"2024-01-25T15:03:01+00:00\" \/>\n<meta property=\"og:image\" content=\"https:\/\/upstardigital.com\/wp-content\/uploads\/2023\/08\/devocional.jpeg\" \/>\n\t<meta property=\"og:image:width\" content=\"2000\" \/>\n\t<meta property=\"og:image:height\" content=\"1333\" \/>\n\t<meta property=\"og:image:type\" content=\"image\/jpeg\" \/>\n<meta name=\"author\" content=\"Isabela Nogueira\" \/>\n<meta name=\"twitter:card\" content=\"summary_large_image\" \/>\n<meta name=\"twitter:label1\" content=\"Written by\" \/>\n\t<meta name=\"twitter:data1\" content=\"Isabela Nogueira\" \/>\n\t<meta name=\"twitter:label2\" content=\"Est. reading time\" \/>\n\t<meta name=\"twitter:data2\" content=\"8 minutes\" \/>\n<script type=\"application\/ld+json\" class=\"yoast-schema-graph\">{\"@context\":\"https:\\\/\\\/schema.org\",\"@graph\":[{\"@type\":\"Article\",\"@id\":\"https:\\\/\\\/upstardigital.com\\\/como-fazer-um-devocional-de-qualidade\\\/#article\",\"isPartOf\":{\"@id\":\"https:\\\/\\\/upstardigital.com\\\/como-fazer-um-devocional-de-qualidade\\\/\"},\"author\":{\"name\":\"Isabela Nogueira\",\"@id\":\"https:\\\/\\\/upstardigital.com\\\/#\\\/schema\\\/person\\\/8a1ab050dadc3913068fb8ce1923907e\"},\"headline\":\"Como fazer um devocional de qualidade\",\"datePublished\":\"2023-08-21T16:35:08+00:00\",\"dateModified\":\"2024-01-25T15:03:01+00:00\",\"mainEntityOfPage\":{\"@id\":\"https:\\\/\\\/upstardigital.com\\\/como-fazer-um-devocional-de-qualidade\\\/\"},\"wordCount\":1469,\"commentCount\":0,\"image\":{\"@id\":\"https:\\\/\\\/upstardigital.com\\\/como-fazer-um-devocional-de-qualidade\\\/#primaryimage\"},\"thumbnailUrl\":\"https:\\\/\\\/upstardigital.com\\\/wp-content\\\/uploads\\\/2023\\\/08\\\/devocional.jpeg\",\"articleSection\":[\"DICAS\"],\"inLanguage\":\"hu-eu\",\"potentialAction\":[{\"@type\":\"CommentAction\",\"name\":\"Comment\",\"target\":[\"https:\\\/\\\/upstardigital.com\\\/como-fazer-um-devocional-de-qualidade\\\/#respond\"]}]},{\"@type\":\"WebPage\",\"@id\":\"https:\\\/\\\/upstardigital.com\\\/como-fazer-um-devocional-de-qualidade\\\/\",\"url\":\"https:\\\/\\\/upstardigital.com\\\/como-fazer-um-devocional-de-qualidade\\\/\",\"name\":\"Como fazer um devocional de qualidade\",\"isPartOf\":{\"@id\":\"https:\\\/\\\/upstardigital.com\\\/#website\"},\"primaryImageOfPage\":{\"@id\":\"https:\\\/\\\/upstardigital.com\\\/como-fazer-um-devocional-de-qualidade\\\/#primaryimage\"},\"image\":{\"@id\":\"https:\\\/\\\/upstardigital.com\\\/como-fazer-um-devocional-de-qualidade\\\/#primaryimage\"},\"thumbnailUrl\":\"https:\\\/\\\/upstardigital.com\\\/wp-content\\\/uploads\\\/2023\\\/08\\\/devocional.jpeg\",\"datePublished\":\"2023-08-21T16:35:08+00:00\",\"dateModified\":\"2024-01-25T15:03:01+00:00\",\"author\":{\"@id\":\"https:\\\/\\\/upstardigital.com\\\/#\\\/schema\\\/person\\\/8a1ab050dadc3913068fb8ce1923907e\"},\"description\":\"Saiba como fazer um devocional de qualidade, desde a prepara\u00e7\u00e3o at\u00e9 a estrutura para uma experi\u00eancia enriquecedora com Deus!\",\"breadcrumb\":{\"@id\":\"https:\\\/\\\/upstardigital.com\\\/como-fazer-um-devocional-de-qualidade\\\/#breadcrumb\"},\"inLanguage\":\"hu-eu\",\"potentialAction\":[{\"@type\":\"ReadAction\",\"target\":[\"https:\\\/\\\/upstardigital.com\\\/como-fazer-um-devocional-de-qualidade\\\/\"]}]},{\"@type\":\"ImageObject\",\"inLanguage\":\"hu-eu\",\"@id\":\"https:\\\/\\\/upstardigital.com\\\/como-fazer-um-devocional-de-qualidade\\\/#primaryimage\",\"url\":\"https:\\\/\\\/upstardigital.com\\\/wp-content\\\/uploads\\\/2023\\\/08\\\/devocional.jpeg\",\"contentUrl\":\"https:\\\/\\\/upstardigital.com\\\/wp-content\\\/uploads\\\/2023\\\/08\\\/devocional.jpeg\",\"width\":2000,\"height\":1333,\"caption\":\"Como fazer um devocional de qualidade. Fonte da Imagem: Google\"},{\"@type\":\"BreadcrumbList\",\"@id\":\"https:\\\/\\\/upstardigital.com\\\/como-fazer-um-devocional-de-qualidade\\\/#breadcrumb\",\"itemListElement\":[{\"@type\":\"ListItem\",\"position\":1,\"name\":\"In\u00edcio\",\"item\":\"https:\\\/\\\/upstardigital.com\\\/\"},{\"@type\":\"ListItem\",\"position\":2,\"name\":\"Como fazer um devocional de qualidade\"}]},{\"@type\":\"WebSite\",\"@id\":\"https:\\\/\\\/upstardigital.com\\\/#website\",\"url\":\"https:\\\/\\\/upstardigital.com\\\/\",\"name\":\"\",\"description\":\"\",\"potentialAction\":[{\"@type\":\"SearchAction\",\"target\":{\"@type\":\"EntryPoint\",\"urlTemplate\":\"https:\\\/\\\/upstardigital.com\\\/?s={search_term_string}\"},\"query-input\":{\"@type\":\"PropertyValueSpecification\",\"valueRequired\":true,\"valueName\":\"search_term_string\"}}],\"inLanguage\":\"hu-eu\"},{\"@type\":\"Person\",\"@id\":\"https:\\\/\\\/upstardigital.com\\\/#\\\/schema\\\/person\\\/8a1ab050dadc3913068fb8ce1923907e\",\"name\":\"Isabela Nogueira\",\"image\":{\"@type\":\"ImageObject\",\"inLanguage\":\"hu-eu\",\"@id\":\"https:\\\/\\\/secure.gravatar.com\\\/avatar\\\/1d626bffe0a1877b457f91859b6f55c0eedd2d2efda2bc0ac409b295d7446fab?s=96&d=mm&r=g\",\"url\":\"https:\\\/\\\/secure.gravatar.com\\\/avatar\\\/1d626bffe0a1877b457f91859b6f55c0eedd2d2efda2bc0ac409b295d7446fab?s=96&d=mm&r=g\",\"contentUrl\":\"https:\\\/\\\/secure.gravatar.com\\\/avatar\\\/1d626bffe0a1877b457f91859b6f55c0eedd2d2efda2bc0ac409b295d7446fab?s=96&d=mm&r=g\",\"caption\":\"Isabela Nogueira\"},\"sameAs\":[\"https:\\\/\\\/upstardigital.com\\\/\"],\"url\":\"https:\\\/\\\/upstardigital.com\\\/hu_eu\\\/author\\\/isabela\\\/\"}]}<\/script>\n<!-- \/ Yoast SEO plugin. -->","yoast_head_json":{"title":"Hogyan k\u00e9sz\u00edts\u00fcnk min\u0151s\u00e9gi \u00e1h\u00edtatot","description":"Tanuld meg, hogyan k\u00e9sz\u00edts min\u0151s\u00e9gi \u00e1h\u00edtatot, a felk\u00e9sz\u00fcl\u00e9st\u0151l a fel\u00e9p\u00edt\u00e9sig az Istennel val\u00f3 gazdag\u00edt\u00f3 \u00e9lm\u00e9nyhez!","robots":{"index":"index","follow":"follow","max-snippet":"max-snippet:-1","max-image-preview":"max-image-preview:large","max-video-preview":"max-video-preview:-1"},"canonical":"https:\/\/upstardigital.com\/hu_eu\/como-fazer-um-devocional-de-qualidade\/","og_locale":"hu_HU","og_type":"article","og_title":"Como fazer um devocional de qualidade","og_description":"Saiba como fazer um devocional de qualidade, desde a prepara\u00e7\u00e3o at\u00e9 a estrutura para uma experi\u00eancia enriquecedora com Deus!","og_url":"https:\/\/upstardigital.com\/hu_eu\/como-fazer-um-devocional-de-qualidade\/","article_published_time":"2023-08-21T16:35:08+00:00","article_modified_time":"2024-01-25T15:03:01+00:00","og_image":[{"width":2000,"height":1333,"url":"https:\/\/upstardigital.com\/wp-content\/uploads\/2023\/08\/devocional.jpeg","type":"image\/jpeg"}],"author":"Isabela Nogueira","twitter_card":"summary_large_image","twitter_misc":{"Written by":"Isabela Nogueira","Est. reading time":"8 minutes"},"schema":{"@context":"https:\/\/schema.org","@graph":[{"@type":"Article","@id":"https:\/\/upstardigital.com\/como-fazer-um-devocional-de-qualidade\/#article","isPartOf":{"@id":"https:\/\/upstardigital.com\/como-fazer-um-devocional-de-qualidade\/"},"author":{"name":"Isabela Nogueira","@id":"https:\/\/upstardigital.com\/#\/schema\/person\/8a1ab050dadc3913068fb8ce1923907e"},"headline":"Como fazer um devocional de qualidade","datePublished":"2023-08-21T16:35:08+00:00","dateModified":"2024-01-25T15:03:01+00:00","mainEntityOfPage":{"@id":"https:\/\/upstardigital.com\/como-fazer-um-devocional-de-qualidade\/"},"wordCount":1469,"commentCount":0,"image":{"@id":"https:\/\/upstardigital.com\/como-fazer-um-devocional-de-qualidade\/#primaryimage"},"thumbnailUrl":"https:\/\/upstardigital.com\/wp-content\/uploads\/2023\/08\/devocional.jpeg","articleSection":["DICAS"],"inLanguage":"hu-eu","potentialAction":[{"@type":"CommentAction","name":"Comment","target":["https:\/\/upstardigital.com\/como-fazer-um-devocional-de-qualidade\/#respond"]}]},{"@type":"WebPage","@id":"https:\/\/upstardigital.com\/como-fazer-um-devocional-de-qualidade\/","url":"https:\/\/upstardigital.com\/como-fazer-um-devocional-de-qualidade\/","name":"Hogyan k\u00e9sz\u00edts\u00fcnk min\u0151s\u00e9gi \u00e1h\u00edtatot","isPartOf":{"@id":"https:\/\/upstardigital.com\/#website"},"primaryImageOfPage":{"@id":"https:\/\/upstardigital.com\/como-fazer-um-devocional-de-qualidade\/#primaryimage"},"image":{"@id":"https:\/\/upstardigital.com\/como-fazer-um-devocional-de-qualidade\/#primaryimage"},"thumbnailUrl":"https:\/\/upstardigital.com\/wp-content\/uploads\/2023\/08\/devocional.jpeg","datePublished":"2023-08-21T16:35:08+00:00","dateModified":"2024-01-25T15:03:01+00:00","author":{"@id":"https:\/\/upstardigital.com\/#\/schema\/person\/8a1ab050dadc3913068fb8ce1923907e"},"description":"Tanuld meg, hogyan k\u00e9sz\u00edts min\u0151s\u00e9gi \u00e1h\u00edtatot, a felk\u00e9sz\u00fcl\u00e9st\u0151l a fel\u00e9p\u00edt\u00e9sig az Istennel val\u00f3 gazdag\u00edt\u00f3 \u00e9lm\u00e9nyhez!","breadcrumb":{"@id":"https:\/\/upstardigital.com\/como-fazer-um-devocional-de-qualidade\/#breadcrumb"},"inLanguage":"hu-eu","potentialAction":[{"@type":"ReadAction","target":["https:\/\/upstardigital.com\/como-fazer-um-devocional-de-qualidade\/"]}]},{"@type":"ImageObject","inLanguage":"hu-eu","@id":"https:\/\/upstardigital.com\/como-fazer-um-devocional-de-qualidade\/#primaryimage","url":"https:\/\/upstardigital.com\/wp-content\/uploads\/2023\/08\/devocional.jpeg","contentUrl":"https:\/\/upstardigital.com\/wp-content\/uploads\/2023\/08\/devocional.jpeg","width":2000,"height":1333,"caption":"Como fazer um devocional de qualidade. Fonte da Imagem: Google"},{"@type":"BreadcrumbList","@id":"https:\/\/upstardigital.com\/como-fazer-um-devocional-de-qualidade\/#breadcrumb","itemListElement":[{"@type":"ListItem","position":1,"name":"In\u00edcio","item":"https:\/\/upstardigital.com\/"},{"@type":"ListItem","position":2,"name":"Como fazer um devocional de qualidade"}]},{"@type":"WebSite","@id":"https:\/\/upstardigital.com\/#website","url":"https:\/\/upstardigital.com\/","name":"","description":"","potentialAction":[{"@type":"SearchAction","target":{"@type":"EntryPoint","urlTemplate":"https:\/\/upstardigital.com\/?s={search_term_string}"},"query-input":{"@type":"PropertyValueSpecification","valueRequired":true,"valueName":"search_term_string"}}],"inLanguage":"hu-eu"},{"@type":"Person","@id":"https:\/\/upstardigital.com\/#\/schema\/person\/8a1ab050dadc3913068fb8ce1923907e","name":"Isabela Nogueira","image":{"@type":"ImageObject","inLanguage":"hu-eu","@id":"https:\/\/secure.gravatar.com\/avatar\/1d626bffe0a1877b457f91859b6f55c0eedd2d2efda2bc0ac409b295d7446fab?s=96&d=mm&r=g","url":"https:\/\/secure.gravatar.com\/avatar\/1d626bffe0a1877b457f91859b6f55c0eedd2d2efda2bc0ac409b295d7446fab?s=96&d=mm&r=g","contentUrl":"https:\/\/secure.gravatar.com\/avatar\/1d626bffe0a1877b457f91859b6f55c0eedd2d2efda2bc0ac409b295d7446fab?s=96&d=mm&r=g","caption":"Isabela Nogueira"},"sameAs":["https:\/\/upstardigital.com\/"],"url":"https:\/\/upstardigital.com\/hu_eu\/author\/isabela\/"}]}},"_links":{"self":[{"href":"https:\/\/upstardigital.com\/hu_eu\/wp-json\/wp\/v2\/posts\/546","targetHints":{"allow":["GET"]}}],"collection":[{"href":"https:\/\/upstardigital.com\/hu_eu\/wp-json\/wp\/v2\/posts"}],"about":[{"href":"https:\/\/upstardigital.com\/hu_eu\/wp-json\/wp\/v2\/types\/post"}],"author":[{"embeddable":true,"href":"https:\/\/upstardigital.com\/hu_eu\/wp-json\/wp\/v2\/users\/3"}],"replies":[{"embeddable":true,"href":"https:\/\/upstardigital.com\/hu_eu\/wp-json\/wp\/v2\/comments?post=546"}],"version-history":[{"count":2,"href":"https:\/\/upstardigital.com\/hu_eu\/wp-json\/wp\/v2\/posts\/546\/revisions"}],"predecessor-version":[{"id":656,"href":"https:\/\/upstardigital.com\/hu_eu\/wp-json\/wp\/v2\/posts\/546\/revisions\/656"}],"wp:featuredmedia":[{"embeddable":true,"href":"https:\/\/upstardigital.com\/hu_eu\/wp-json\/wp\/v2\/media\/547"}],"wp:attachment":[{"href":"https:\/\/upstardigital.com\/hu_eu\/wp-json\/wp\/v2\/media?parent=546"}],"wp:term":[{"taxonomy":"category","embeddable":true,"href":"https:\/\/upstardigital.com\/hu_eu\/wp-json\/wp\/v2\/categories?post=546"},{"taxonomy":"post_tag","embeddable":true,"href":"https:\/\/upstardigital.com\/hu_eu\/wp-json\/wp\/v2\/tags?post=546"}],"curies":[{"name":"wp","href":"https:\/\/api.w.org\/{rel}","templated":true}]}}